{"id":17241,"date":"2024-10-15T11:23:47","date_gmt":"2024-10-15T08:23:47","guid":{"rendered":"https:\/\/www.urfabugun.com\/?p=17241"},"modified":"2024-10-15T11:23:54","modified_gmt":"2024-10-15T08:23:54","slug":"aile-ve-sosyal-hizmetler-bakanligi-2-bin-390-personel-alacak","status":"publish","type":"post","link":"https:\/\/www.urfabugun.com\/index.php\/2024\/10\/15\/aile-ve-sosyal-hizmetler-bakanligi-2-bin-390-personel-alacak\/","title":{"rendered":"Aile ve Sosyal Hizmetler Bakanl\u0131\u011f\u0131 2 Bin 390 Personel Alacak!"},"content":{"rendered":"\n<p><\/p>\n\n\n\n<p><strong>Resmi Gazete&#8217;de yay\u0131mlanan ilana g\u00f6re Aile ve Sosyal Hizmetler Bakanl\u0131\u011f\u0131 b\u00fcnyesinde merkez ve ta\u015fra te\u015fkilat\u0131nda \u00e7al\u0131\u015ft\u0131r\u0131lmak \u00fczere 2 bin 390 s\u00f6zle\u015fmeli personel al\u0131m\u0131 yapaca\u011f\u0131 duyuruldu.<\/strong><\/p>\n\n\n\n<p>Resmi Gazete&#8217;de, Aile ve Sosyal Hizmetler Bakanl\u0131\u011f\u0131 Personel Genel M\u00fcd\u00fcrl\u00fc\u011f\u00fc taraf\u0131ndan yay\u0131mlanan ilana g\u00f6re, &#8216;S\u00f6zle\u015fmeli Personel \u00c7al\u0131\u015ft\u0131r\u0131lmas\u0131na \u0130li\u015fkin Esaslar&#8217; kapsam\u0131nda KPSS (B) grubu puan s\u0131ralamas\u0131 esas al\u0131nmak suretiyle \u00d6zel Nitelikler tablosunda belirtilen \u00fcnvan ve say\u0131da toplam 2 bin 390 s\u00f6zle\u015fmeli personel pozisyonlar\u0131na yerle\u015ftirme ger\u00e7ekle\u015ftirecek.<\/p>\n\n\n\n<p>Ba\u015fvurular 15- 30 Ekim 2024 tarihleri aras\u0131nda Cumhurba\u015fkanl\u0131\u011f\u0131 Kariyer Kap\u0131s\u0131 \u00fczerinden yap\u0131lacak. Adaylarda aranan baz\u0131 nitelikler \u015fu \u015fekilde; 657 say\u0131l\u0131 Devlet Memurlar\u0131 Kanununun 48 inci maddesinin birinci f\u0131kras\u0131n\u0131n (A) bendinin (4),(5), (6) ve (7) numaral\u0131 alt bentlerinde belirtilen ko\u015fullar\u0131 ta\u015f\u0131mak, son m\u00fcracaat tarihi itibariyle ba\u015fvuru yap\u0131lan s\u00f6zle\u015fmeli pozisyon i\u00e7in istenilen b\u00f6l\u00fcmden mezun olmak, herhangi bir sosyal g\u00fcvenlik kurumundan emeklilik, ya\u015fl\u0131l\u0131k veya malull\u00fck ayl\u0131\u011f\u0131 almaya hak kazanmam\u0131\u015f olmak.<\/p>\n\n\n\n<p>Adaylar, ba\u015fvurular\u0131n\u0131 15- 30 Ekim 2024 tarihleri aras\u0131nda son g\u00fcn saat 23.59\u2019a kadar Cumhurba\u015fkanl\u0131\u011f\u0131 Kariyer Kap\u0131s\u0131 (https:\/\/isealimkariyerkapisi.cbiko.gov.tr) \u00fczerinden Edevlet \u015fifresi ile giri\u015f yaparak ger\u00e7ekle\u015ftirebilecekler.<\/p>\n\n\n\n<p>S\u00f6zle\u015fmeli personel al\u0131m\u0131 ile ilgili t\u00fcm duyuru, ilan ve bilgilendirmeler Bakanl\u0131\u011f\u0131n resmi internet sayfalar\u0131nda (www.aile.gov.tr ve\/veya aile.gov.tr\/pgm) yay\u0131mlanacak.<\/p>\n","protected":false},"excerpt":{"rendered":"<p>Resmi Gazete&#8217;de yay\u0131mlanan ilana g\u00f6re Aile ve Sosyal Hizmetler Bakanl\u0131\u011f\u0131 b\u00fcnyesinde merkez ve ta\u015fra te\u015fkilat\u0131nda \u00e7al\u0131\u015ft\u0131r\u0131lmak&#46;&#46;&#46;<\/p>\n","protected":false},"author":2,"featured_media":17243,"comment_status":"open","ping_status":"open","sticky":false,"template":"","format":"standard","meta":{"inline_featured_image":false,"footnotes":""},"categories":[82],"tags":[1272,131,107,93],"manset":[],"class_list":["post-17241","post","type-post","status-publish","format-standard","has-post-thumbnail","hentry","category-gundem-haberleri","tag-personel-alimi","tag-son-dakika","tag-ub","tag-ust"],"_links":{"self":[{"href":"https:\/\/www.urfabugun.com\/index.php\/wp-json\/wp\/v2\/posts\/17241","targetHints":{"allow":["GET"]}}],"collection":[{"href":"https:\/\/www.urfabugun.com\/index.php\/wp-json\/wp\/v2\/posts"}],"about":[{"href":"https:\/\/www.urfabugun.com\/index.php\/wp-json\/wp\/v2\/types\/post"}],"author":[{"embeddable":true,"href":"https:\/\/www.urfabugun.com\/index.php\/wp-json\/wp\/v2\/users\/2"}],"replies":[{"embeddable":true,"href":"https:\/\/www.urfabugun.com\/index.php\/wp-json\/wp\/v2\/comments?post=17241"}],"version-history":[{"count":0,"href":"https:\/\/www.urfabugun.com\/index.php\/wp-json\/wp\/v2\/posts\/17241\/revisions"}],"wp:featuredmedia":[{"embeddable":true,"href":"https:\/\/www.urfabugun.com\/index.php\/wp-json\/wp\/v2\/media\/17243"}],"wp:attachment":[{"href":"https:\/\/www.urfabugun.com\/index.php\/wp-json\/wp\/v2\/media?parent=17241"}],"wp:term":[{"taxonomy":"category","embeddable":true,"href":"https:\/\/www.urfabugun.com\/index.php\/wp-json\/wp\/v2\/categories?post=17241"},{"taxonomy":"post_tag","embeddable":true,"href":"https:\/\/www.urfabugun.com\/index.php\/wp-json\/wp\/v2\/tags?post=17241"},{"taxonomy":"manset","embeddable":true,"href":"https:\/\/www.urfabugun.com\/index.php\/wp-json\/wp\/v2\/manset?post=17241"}],"curies":[{"name":"wp","href":"https:\/\/api.w.org\/{rel}","templated":true}]}}