{"id":17265,"date":"2024-10-17T09:30:20","date_gmt":"2024-10-17T06:30:20","guid":{"rendered":"https:\/\/www.urfabugun.com\/?p=17265"},"modified":"2024-10-17T09:30:27","modified_gmt":"2024-10-17T06:30:27","slug":"siverekte-kuvvetli-yagis-uyarisi","status":"publish","type":"post","link":"https:\/\/www.urfabugun.com\/index.php\/2024\/10\/17\/siverekte-kuvvetli-yagis-uyarisi\/","title":{"rendered":"Siverek\u2019te Kuvvetli Ya\u011f\u0131\u015f Uyar\u0131s\u0131!"},"content":{"rendered":"\n<p><\/p>\n\n\n\n<p><strong>\u015eanl\u0131urfa\u2019n\u0131n Siverek il\u00e7esinde etkisini g\u00f6stermesi beklenen kuvvetli sa\u011fanak konusunda Kaymakaml\u0131k vatanda\u015flar\u0131 uyard\u0131.<\/strong><\/p>\n\n\n\n<p>Meteoroloji Genel M\u00fcd\u00fcrl\u00fc\u011f\u00fc, aralar\u0131nda \u015eanl\u0131urfa&#8217;n\u0131n da oldu\u011fu baz\u0131 iller i\u00e7in sa\u011fanak ya\u011f\u0131\u015f uyar\u0131s\u0131nda bulundu.<\/p>\n\n\n\n<p>Siverek Kaymakaml\u0131\u011f\u0131 taraf\u0131ndan yap\u0131lan a\u00e7\u0131klamada, vatanda\u015flar\u0131n bu olumsuzluklara kar\u015f\u0131 dikkatli ve tedbirli olmas\u0131 istendi.<\/p>\n\n\n\n<p>Siverek Kaymakaml\u0131\u011f\u0131 sosyal medya hesab\u0131ndan yapt\u0131\u011f\u0131 payla\u015f\u0131mda \u015fu bilgilere yer verdi;<\/p>\n\n\n\n<p>\u201cYap\u0131lan son de\u011ferlendirmeye g\u00f6re, bu gece saatlerinden itibaren Diyarbak\u0131r \u00e7evrelerinde ve \u015eanl\u0131urfa, Batman, \u015e\u0131rnak illerinin kuzeyinde (Siverek, Batman, merkez, Sason, Kozluk, Be\u015firi , Siirt merkez, Kurtalan, Baykan, \u015eirvan) yerel kuvvetli olmas\u0131 beklenmektedir.<\/p>\n\n\n\n<p>Vatanda\u015flar\u0131m\u0131z bu ba\u011flamda sel, su bask\u0131n\u0131, y\u0131ld\u0131r\u0131m, yerel dolu ya\u011f\u0131\u015f\u0131, ani kuvvetli r\u00fczg\u00e2r ve k\u0131sa s\u00fcreli f\u0131rt\u0131na ile ula\u015f\u0131mda aksamalar gibi olumsuzluklara kar\u015f\u0131 dikkatli ve tedbirli olunmas\u0131 gerekmektedir.&#8221; denildi.<\/p>\n","protected":false},"excerpt":{"rendered":"<p>\u015eanl\u0131urfa\u2019n\u0131n Siverek il\u00e7esinde etkisini g\u00f6stermesi beklenen kuvvetli sa\u011fanak konusunda Kaymakaml\u0131k vatanda\u015flar\u0131 uyard\u0131. Meteoroloji Genel M\u00fcd\u00fcrl\u00fc\u011f\u00fc, aralar\u0131nda&#46;&#46;&#46;<\/p>\n","protected":false},"author":2,"featured_media":12088,"comment_status":"open","ping_status":"open","sticky":false,"template":"","format":"standard","meta":{"inline_featured_image":false,"footnotes":""},"categories":[82,92],"tags":[335,131,107,167],"manset":[],"class_list":["post-17265","post","type-post","status-publish","format-standard","has-post-thumbnail","hentry","category-gundem-haberleri","category-yasam-haberleri","tag-siverek","tag-son-dakika","tag-ub","tag-yagmur"],"_links":{"self":[{"href":"https:\/\/www.urfabugun.com\/index.php\/wp-json\/wp\/v2\/posts\/17265","targetHints":{"allow":["GET"]}}],"collection":[{"href":"https:\/\/www.urfabugun.com\/index.php\/wp-json\/wp\/v2\/posts"}],"about":[{"href":"https:\/\/www.urfabugun.com\/index.php\/wp-json\/wp\/v2\/types\/post"}],"author":[{"embeddable":true,"href":"https:\/\/www.urfabugun.com\/index.php\/wp-json\/wp\/v2\/users\/2"}],"replies":[{"embeddable":true,"href":"https:\/\/www.urfabugun.com\/index.php\/wp-json\/wp\/v2\/comments?post=17265"}],"version-history":[{"count":0,"href":"https:\/\/www.urfabugun.com\/index.php\/wp-json\/wp\/v2\/posts\/17265\/revisions"}],"wp:featuredmedia":[{"embeddable":true,"href":"https:\/\/www.urfabugun.com\/index.php\/wp-json\/wp\/v2\/media\/12088"}],"wp:attachment":[{"href":"https:\/\/www.urfabugun.com\/index.php\/wp-json\/wp\/v2\/media?parent=17265"}],"wp:term":[{"taxonomy":"category","embeddable":true,"href":"https:\/\/www.urfabugun.com\/index.php\/wp-json\/wp\/v2\/categories?post=17265"},{"taxonomy":"post_tag","embeddable":true,"href":"https:\/\/www.urfabugun.com\/index.php\/wp-json\/wp\/v2\/tags?post=17265"},{"taxonomy":"manset","embeddable":true,"href":"https:\/\/www.urfabugun.com\/index.php\/wp-json\/wp\/v2\/manset?post=17265"}],"curies":[{"name":"wp","href":"https:\/\/api.w.org\/{rel}","templated":true}]}}