{"id":17279,"date":"2024-10-18T09:25:03","date_gmt":"2024-10-18T06:25:03","guid":{"rendered":"https:\/\/www.urfabugun.com\/?p=17279"},"modified":"2024-10-18T09:25:13","modified_gmt":"2024-10-18T06:25:13","slug":"sanliurfada-otomobil-motosiklet-ile-carpisti-1-olu","status":"publish","type":"post","link":"https:\/\/www.urfabugun.com\/index.php\/2024\/10\/18\/sanliurfada-otomobil-motosiklet-ile-carpisti-1-olu\/","title":{"rendered":"\u015eanl\u0131urfa\u2019da Otomobil Motosiklet ile \u00c7arp\u0131\u015ft\u0131, 1 \u00d6l\u00fc!"},"content":{"rendered":"\n<p><\/p>\n\n\n\n<p><strong>\u015eanl\u0131urfa\u2019n\u0131n Haliliye il\u00e7esinde otomobil motosiklet ile \u00e7arp\u0131\u015ft\u0131. Kazada motosiklet s\u00fcr\u00fcc\u00fcs\u00fc hayat\u0131n\u0131 kaybetti.<\/strong><\/p>\n\n\n\n<p>Kaza, Haliliye il\u00e7esi Ye\u015fildirek k\u00f6pr\u00fcl\u00fc kav\u015fa\u011f\u0131nda meydana geldi.<\/p>\n\n\n\n<p>\u0130ddiaya g\u00f6re, hen\u00fcz s\u00fcr\u00fcc\u00fcs\u00fcn\u00fcn ismi \u00f6\u011frenilmeyen 63 AHH 864 plakal\u0131 otomobil, Ye\u015fildirek k\u00f6pr\u00fcl\u00fc kav\u015fa\u011f\u0131nda 33 ya\u015f\u0131ndaki Veysel Y\u0131lmazer idaresindeki 63 AFN 888 plakal\u0131 motosiklete daha sonra ayn\u0131 istikamette seyir halinde olan 33 ALR 859 plakal\u0131 otomobille kafa kafaya \u00e7arparak durabildi.<\/p>\n\n\n\n<p>Meydana gelen kazada motosiklet s\u00fcr\u00fcc\u00fcs\u00fc Veysel Y\u0131lmazer kar\u015f\u0131 \u015feride u\u00e7tu.<\/p>\n\n\n\n<p>Kazan\u0131n ard\u0131ndan iki otomobil s\u00fcr\u00fcc\u00fcs\u00fc olay yerinden ka\u00e7t\u0131.<\/p>\n\n\n\n<p>Vatanda\u015flar\u0131n ihbar\u0131 \u00fczerine olay yerine polis ve Acil Sa\u011fl\u0131k ekibi sevk edildi.<\/p>\n\n\n\n<p>Sa\u011fl\u0131k ekiplerinin yapm\u0131\u015f oldu\u011fu kontrollerde motosikletin s\u00fcr\u00fcc\u00fcs\u00fc Veysel Y\u0131lmazer\u2019in hayat\u0131n\u0131 kaybetti\u011fini belirledi.<\/p>\n\n\n\n<p>Y\u0131lmazer\u2019in cenazesi cumhuriyet savc\u0131s\u0131n\u0131n incelemesinin ard\u0131ndan otopsi yap\u0131lmak \u00fczere Adli T\u0131p Kurumu morguna kald\u0131r\u0131ld\u0131.<\/p>\n\n\n\n<p>Polis ekipleri olay yerinden ka\u00e7arak kay\u0131plara kar\u0131\u015fan s\u00fcr\u00fcc\u00fcleri yakalamak i\u00e7in \u00e7al\u0131\u015fma ba\u015flatt\u0131.<\/p>\n","protected":false},"excerpt":{"rendered":"<p>\u015eanl\u0131urfa\u2019n\u0131n Haliliye il\u00e7esinde otomobil motosiklet ile \u00e7arp\u0131\u015ft\u0131. Kazada motosiklet s\u00fcr\u00fcc\u00fcs\u00fc hayat\u0131n\u0131 kaybetti. Kaza, Haliliye il\u00e7esi Ye\u015fildirek&#46;&#46;&#46;<\/p>\n","protected":false},"author":2,"featured_media":16467,"comment_status":"open","ping_status":"open","sticky":false,"template":"","format":"standard","meta":{"inline_featured_image":false,"footnotes":""},"categories":[75],"tags":[184,131,107],"manset":[],"class_list":["post-17279","post","type-post","status-publish","format-standard","has-post-thumbnail","hentry","category-asayis-haberleri","tag-asayis","tag-son-dakika","tag-ub"],"_links":{"self":[{"href":"https:\/\/www.urfabugun.com\/index.php\/wp-json\/wp\/v2\/posts\/17279","targetHints":{"allow":["GET"]}}],"collection":[{"href":"https:\/\/www.urfabugun.com\/index.php\/wp-json\/wp\/v2\/posts"}],"about":[{"href":"https:\/\/www.urfabugun.com\/index.php\/wp-json\/wp\/v2\/types\/post"}],"author":[{"embeddable":true,"href":"https:\/\/www.urfabugun.com\/index.php\/wp-json\/wp\/v2\/users\/2"}],"replies":[{"embeddable":true,"href":"https:\/\/www.urfabugun.com\/index.php\/wp-json\/wp\/v2\/comments?post=17279"}],"version-history":[{"count":0,"href":"https:\/\/www.urfabugun.com\/index.php\/wp-json\/wp\/v2\/posts\/17279\/revisions"}],"wp:featuredmedia":[{"embeddable":true,"href":"https:\/\/www.urfabugun.com\/index.php\/wp-json\/wp\/v2\/media\/16467"}],"wp:attachment":[{"href":"https:\/\/www.urfabugun.com\/index.php\/wp-json\/wp\/v2\/media?parent=17279"}],"wp:term":[{"taxonomy":"category","embeddable":true,"href":"https:\/\/www.urfabugun.com\/index.php\/wp-json\/wp\/v2\/categories?post=17279"},{"taxonomy":"post_tag","embeddable":true,"href":"https:\/\/www.urfabugun.com\/index.php\/wp-json\/wp\/v2\/tags?post=17279"},{"taxonomy":"manset","embeddable":true,"href":"https:\/\/www.urfabugun.com\/index.php\/wp-json\/wp\/v2\/manset?post=17279"}],"curies":[{"name":"wp","href":"https:\/\/api.w.org\/{rel}","templated":true}]}}