{"id":17300,"date":"2024-10-21T13:52:44","date_gmt":"2024-10-21T10:52:44","guid":{"rendered":"https:\/\/www.urfabugun.com\/?p=17300"},"modified":"2024-10-21T13:52:50","modified_gmt":"2024-10-21T10:52:50","slug":"fatma-kirmizinin-adi-karakoprude-yasayacak","status":"publish","type":"post","link":"https:\/\/www.urfabugun.com\/index.php\/2024\/10\/21\/fatma-kirmizinin-adi-karakoprude-yasayacak\/","title":{"rendered":"Fatma K\u0131rm\u0131z\u0131\u2019n\u0131n Ad\u0131 Karak\u00f6pr\u00fc\u2019de Ya\u015fayacak!"},"content":{"rendered":"\n<p><\/p>\n\n\n\n<p><strong>Karak\u00f6pr\u00fc Belediyesi a\u011fustos ay\u0131nda hayat\u0131n\u0131 kaybeden, \u015eanl\u0131urfal\u0131 Gazeteci Fatma K\u0131rm\u0131z\u0131\u2019ya \u015eanl\u0131urfa Sinema ve Bas\u0131n M\u00fczesi\u2019nde yer ay\u0131rarak, ad\u0131n\u0131 ya\u015fatma karar\u0131 ald\u0131.<\/strong><\/p>\n\n\n\n<figure class=\"wp-block-image size-large\"><img loading=\"lazy\" decoding=\"async\" width=\"1024\" height=\"682\" src=\"https:\/\/www.urfabugun.com\/wp-content\/uploads\/2024\/10\/e70b614d-a780-4b80-8f61-cd38f2d3c6bd-1024x682.jpeg\" alt=\"\" class=\"wp-image-17303\"\/><\/figure>\n\n\n\n<p><\/p>\n\n\n\n<p>Karak\u00f6pr\u00fc&#8217;de Ya\u015fam Park i\u00e7inde bulunan \u015eanl\u0131urfa Sinema ve Bas\u0131n M\u00fczesi&#8217;nde, sinema ve bas\u0131n alan\u0131nda \u015eanl\u0131urfal\u0131 bir\u00e7ok isim yer al\u0131yor. Karak\u00f6pr\u00fc Belediyesi 21 Ekim D\u00fcnya Gazeteciler G\u00fcn\u00fc\u2019nde ald\u0131\u011f\u0131 bir kararla 4 A\u011fustos 2024 tarihinde hayat\u0131n\u0131 kaybeden \u015eanl\u0131urfal\u0131 Gazeteci Fatma K\u0131rm\u0131z\u0131\u2019ya bir k\u00f6\u015fe ay\u0131rarak hat\u0131ralar\u0131n\u0131n bu m\u00fczede ya\u015famas\u0131na \u00f6n ayak oldu.<\/p>\n\n\n\n<figure class=\"wp-block-image size-large\"><img loading=\"lazy\" decoding=\"async\" width=\"1024\" height=\"682\" src=\"https:\/\/www.urfabugun.com\/wp-content\/uploads\/2024\/10\/504144c8-62b2-43c3-be3e-f4aa3bbe1bf1-1024x682.jpeg\" alt=\"\" class=\"wp-image-17304\"\/><\/figure>\n\n\n\n<p>MESLEKTA\u015eLARI VE ARKADA\u015eLARI FATMA \u0130\u00c7\u0130N YAZDI<\/p>\n\n\n\n<p>Karak\u00f6pr\u00fc Belediyesi\u2019nin ald\u0131\u011f\u0131 karar\u0131 sonras\u0131 Fatma K\u0131rm\u0131z\u0131\u2019n\u0131n meslekta\u015flar\u0131 ve arkada\u015flar\u0131 Fatma\u2019ya hat\u0131ra olarak yaz\u0131lar kaleme ald\u0131. Bu yaz\u0131larda Fatma K\u0131rm\u0131z\u0131 i\u00e7in ayr\u0131lan b\u00f6l\u00fcmde, ailesi taraf\u0131ndan m\u00fczeye verilen e\u015fyalar ile birlikte sergileniyor.<\/p>\n","protected":false},"excerpt":{"rendered":"<p>Karak\u00f6pr\u00fc Belediyesi a\u011fustos ay\u0131nda hayat\u0131n\u0131 kaybeden, \u015eanl\u0131urfal\u0131 Gazeteci Fatma K\u0131rm\u0131z\u0131\u2019ya \u015eanl\u0131urfa Sinema ve Bas\u0131n M\u00fczesi\u2019nde yer&#46;&#46;&#46;<\/p>\n","protected":false},"author":2,"featured_media":17302,"comment_status":"open","ping_status":"open","sticky":false,"template":"","format":"standard","meta":{"inline_featured_image":false,"footnotes":""},"categories":[82],"tags":[4818,118,131,107,93],"manset":[],"class_list":["post-17300","post","type-post","status-publish","format-standard","has-post-thumbnail","hentry","category-gundem-haberleri","tag-fatma-kirmizi","tag-sanliurfa","tag-son-dakika","tag-ub","tag-ust"],"_links":{"self":[{"href":"https:\/\/www.urfabugun.com\/index.php\/wp-json\/wp\/v2\/posts\/17300","targetHints":{"allow":["GET"]}}],"collection":[{"href":"https:\/\/www.urfabugun.com\/index.php\/wp-json\/wp\/v2\/posts"}],"about":[{"href":"https:\/\/www.urfabugun.com\/index.php\/wp-json\/wp\/v2\/types\/post"}],"author":[{"embeddable":true,"href":"https:\/\/www.urfabugun.com\/index.php\/wp-json\/wp\/v2\/users\/2"}],"replies":[{"embeddable":true,"href":"https:\/\/www.urfabugun.com\/index.php\/wp-json\/wp\/v2\/comments?post=17300"}],"version-history":[{"count":0,"href":"https:\/\/www.urfabugun.com\/index.php\/wp-json\/wp\/v2\/posts\/17300\/revisions"}],"wp:featuredmedia":[{"embeddable":true,"href":"https:\/\/www.urfabugun.com\/index.php\/wp-json\/wp\/v2\/media\/17302"}],"wp:attachment":[{"href":"https:\/\/www.urfabugun.com\/index.php\/wp-json\/wp\/v2\/media?parent=17300"}],"wp:term":[{"taxonomy":"category","embeddable":true,"href":"https:\/\/www.urfabugun.com\/index.php\/wp-json\/wp\/v2\/categories?post=17300"},{"taxonomy":"post_tag","embeddable":true,"href":"https:\/\/www.urfabugun.com\/index.php\/wp-json\/wp\/v2\/tags?post=17300"},{"taxonomy":"manset","embeddable":true,"href":"https:\/\/www.urfabugun.com\/index.php\/wp-json\/wp\/v2\/manset?post=17300"}],"curies":[{"name":"wp","href":"https:\/\/api.w.org\/{rel}","templated":true}]}}