{"id":17308,"date":"2024-10-22T10:18:34","date_gmt":"2024-10-22T07:18:34","guid":{"rendered":"https:\/\/www.urfabugun.com\/?p=17308"},"modified":"2024-10-22T10:18:41","modified_gmt":"2024-10-22T07:18:41","slug":"sanliurfada-yangin-faciasi-1-olu-1-yarali","status":"publish","type":"post","link":"https:\/\/www.urfabugun.com\/index.php\/2024\/10\/22\/sanliurfada-yangin-faciasi-1-olu-1-yarali\/","title":{"rendered":"\u015eanl\u0131urfa&#8217;da Yang\u0131n Facias\u0131! 1 \u00d6l\u00fc, 1 Yaral\u0131!"},"content":{"rendered":"\n<p><\/p>\n\n\n\n<p><strong>\u015eanl\u0131urfa\u2019n\u0131n Haliliye il\u00e7esinde bir evde \u00e7\u0131kan yang\u0131nda 80 ya\u015f\u0131ndaki Fethi Kaban isimli ya\u015fl\u0131 adam hayat\u0131n\u0131 kaybederken e\u015fi \u0130slim Kaban ise yaraland\u0131.<\/strong><\/p>\n\n\n\n<p>Yang\u0131n Haliliye il\u00e7esine ba\u011fl\u0131 Cengiz Topel Mahallesi&#8217;nde meydana geldi.<\/p>\n\n\n\n<p>Al\u0131nan bilgiye g\u00f6re 6 katl\u0131 binan\u0131n 2&#8217;nci kat\u0131nda, hen\u00fcz bilinmeyen bir nedenle yang\u0131n \u00e7\u0131kt\u0131. K\u0131sa s\u00fcrede t\u00fcm evi saran yang\u0131n\u0131 fark eden \u00e7evredekiler, durumu itfaiye, polis ve sa\u011fl\u0131k ekiplerine bildirdi.<\/p>\n\n\n\n<p>Olay yerine intikal eden itfaiye ekipleri yang\u0131na m\u00fcdahale ederek kontrol alt\u0131na ald\u0131. Yang\u0131nda, yatalak oldu\u011fu \u00f6\u011frenilen Fethi Kaban (80) olay yerinde hayat\u0131n\u0131 kaybederken, e\u015fi \u0130slim Kaban (78) a\u011f\u0131r yaral\u0131 olarak \u015eanl\u0131urfa Mehmet Akif \u0130nan E\u011fitim ve Ara\u015ft\u0131rma Hastanesine kald\u0131r\u0131ld\u0131.<\/p>\n\n\n\n<p>Polis ekiplerinin evde incelemesinin ard\u0131ndan ya\u015fl\u0131 adam\u0131n cesedi otopsi i\u015flemleri i\u00e7in \u015eanl\u0131urfa Adli T\u0131p Kurumu Morguna kald\u0131r\u0131ld\u0131.<\/p>\n\n\n\n<p>Olayla ilgili soru\u015fturma ba\u015flat\u0131ld\u0131.<\/p>\n","protected":false},"excerpt":{"rendered":"<p>\u015eanl\u0131urfa\u2019n\u0131n Haliliye il\u00e7esinde bir evde \u00e7\u0131kan yang\u0131nda 80 ya\u015f\u0131ndaki Fethi Kaban isimli ya\u015fl\u0131 adam hayat\u0131n\u0131 kaybederken&#46;&#46;&#46;<\/p>\n","protected":false},"author":2,"featured_media":17310,"comment_status":"open","ping_status":"open","sticky":false,"template":"","format":"standard","meta":{"inline_featured_image":false,"footnotes":""},"categories":[75],"tags":[184,131,107,211],"manset":[],"class_list":["post-17308","post","type-post","status-publish","format-standard","has-post-thumbnail","hentry","category-asayis-haberleri","tag-asayis","tag-son-dakika","tag-ub","tag-yangin"],"_links":{"self":[{"href":"https:\/\/www.urfabugun.com\/index.php\/wp-json\/wp\/v2\/posts\/17308","targetHints":{"allow":["GET"]}}],"collection":[{"href":"https:\/\/www.urfabugun.com\/index.php\/wp-json\/wp\/v2\/posts"}],"about":[{"href":"https:\/\/www.urfabugun.com\/index.php\/wp-json\/wp\/v2\/types\/post"}],"author":[{"embeddable":true,"href":"https:\/\/www.urfabugun.com\/index.php\/wp-json\/wp\/v2\/users\/2"}],"replies":[{"embeddable":true,"href":"https:\/\/www.urfabugun.com\/index.php\/wp-json\/wp\/v2\/comments?post=17308"}],"version-history":[{"count":0,"href":"https:\/\/www.urfabugun.com\/index.php\/wp-json\/wp\/v2\/posts\/17308\/revisions"}],"wp:featuredmedia":[{"embeddable":true,"href":"https:\/\/www.urfabugun.com\/index.php\/wp-json\/wp\/v2\/media\/17310"}],"wp:attachment":[{"href":"https:\/\/www.urfabugun.com\/index.php\/wp-json\/wp\/v2\/media?parent=17308"}],"wp:term":[{"taxonomy":"category","embeddable":true,"href":"https:\/\/www.urfabugun.com\/index.php\/wp-json\/wp\/v2\/categories?post=17308"},{"taxonomy":"post_tag","embeddable":true,"href":"https:\/\/www.urfabugun.com\/index.php\/wp-json\/wp\/v2\/tags?post=17308"},{"taxonomy":"manset","embeddable":true,"href":"https:\/\/www.urfabugun.com\/index.php\/wp-json\/wp\/v2\/manset?post=17308"}],"curies":[{"name":"wp","href":"https:\/\/api.w.org\/{rel}","templated":true}]}}