{"id":17319,"date":"2024-10-28T10:08:19","date_gmt":"2024-10-28T07:08:19","guid":{"rendered":"https:\/\/www.urfabugun.com\/?p=17319"},"modified":"2024-10-28T10:08:26","modified_gmt":"2024-10-28T07:08:26","slug":"sanliurfada-29-ekimde-toplu-tasima-ucretsiz","status":"publish","type":"post","link":"https:\/\/www.urfabugun.com\/index.php\/2024\/10\/28\/sanliurfada-29-ekimde-toplu-tasima-ucretsiz\/","title":{"rendered":"\u015eanl\u0131urfa\u2019da 29 Ekim&#8217;de Toplu Ta\u015f\u0131ma \u00dccretsiz!"},"content":{"rendered":"\n<p><\/p>\n\n\n\n<p><strong>\u015eanl\u0131urfa B\u00fcy\u00fck\u015fehir Belediyesi, Cumhuriyet Bayram\u0131 nedeniyle toplu ta\u015f\u0131ma ara\u00e7lar\u0131n\u0131n \u00fccretsiz olaca\u011f\u0131n\u0131 duyurdu.<\/strong><\/p>\n\n\n\n<p>T\u00fcrkiye Cumhuriyeti\u2019nin 101. kurulu\u015f y\u0131l d\u00f6n\u00fcm\u00fc 29 Ekim Sal\u0131 g\u00fcn\u00fc \u015eanl\u0131urfa\u2019da toplu ta\u015f\u0131ma ara\u00e7lar \u00fccretsiz olacak.<\/p>\n\n\n\n<p>\u015eanl\u0131urfa B\u00fcy\u00fck\u015fehir Belediyesi 29 Ekim Sal\u0131 g\u00fcn\u00fc yar\u0131n \u015eanl\u0131urfa\u2019da toplu ta\u015f\u0131ma ara\u00e7lar\u0131n\u0131n \u00fccretsiz olaca\u011f\u0131n\u0131 duyurdu.<\/p>\n\n\n\n<p>\u015eanl\u0131urfa B\u00fcy\u00fck\u015fehir Belediyesi sosyal medya hesab\u0131ndan konuya ili\u015fkin \u015fu ifadeleri kulland\u0131:<\/p>\n\n\n\n<p>\u201c29 Ekim 2024 Sal\u0131 g\u00fcn\u00fc ( Yar\u0131n) \u015eanl\u0131urfa B\u00fcy\u00fck\u015fehir Belediyesi toplu ta\u015f\u0131ma ara\u00e7lar\u0131m\u0131z \u00fccretsiz hizmet verecektir.<\/p>\n","protected":false},"excerpt":{"rendered":"<p>\u015eanl\u0131urfa B\u00fcy\u00fck\u015fehir Belediyesi, Cumhuriyet Bayram\u0131 nedeniyle toplu ta\u015f\u0131ma ara\u00e7lar\u0131n\u0131n \u00fccretsiz olaca\u011f\u0131n\u0131 duyurdu. T\u00fcrkiye Cumhuriyeti\u2019nin 101. kurulu\u015f&#46;&#46;&#46;<\/p>\n","protected":false},"author":2,"featured_media":17321,"comment_status":"open","ping_status":"open","sticky":false,"template":"","format":"standard","meta":{"inline_featured_image":false,"footnotes":""},"categories":[82],"tags":[131,2028,107,1590,93],"manset":[],"class_list":["post-17319","post","type-post","status-publish","format-standard","has-post-thumbnail","hentry","category-gundem-haberleri","tag-son-dakika","tag-toplu-tasima","tag-ub","tag-ucretsiz","tag-ust"],"_links":{"self":[{"href":"https:\/\/www.urfabugun.com\/index.php\/wp-json\/wp\/v2\/posts\/17319","targetHints":{"allow":["GET"]}}],"collection":[{"href":"https:\/\/www.urfabugun.com\/index.php\/wp-json\/wp\/v2\/posts"}],"about":[{"href":"https:\/\/www.urfabugun.com\/index.php\/wp-json\/wp\/v2\/types\/post"}],"author":[{"embeddable":true,"href":"https:\/\/www.urfabugun.com\/index.php\/wp-json\/wp\/v2\/users\/2"}],"replies":[{"embeddable":true,"href":"https:\/\/www.urfabugun.com\/index.php\/wp-json\/wp\/v2\/comments?post=17319"}],"version-history":[{"count":0,"href":"https:\/\/www.urfabugun.com\/index.php\/wp-json\/wp\/v2\/posts\/17319\/revisions"}],"wp:featuredmedia":[{"embeddable":true,"href":"https:\/\/www.urfabugun.com\/index.php\/wp-json\/wp\/v2\/media\/17321"}],"wp:attachment":[{"href":"https:\/\/www.urfabugun.com\/index.php\/wp-json\/wp\/v2\/media?parent=17319"}],"wp:term":[{"taxonomy":"category","embeddable":true,"href":"https:\/\/www.urfabugun.com\/index.php\/wp-json\/wp\/v2\/categories?post=17319"},{"taxonomy":"post_tag","embeddable":true,"href":"https:\/\/www.urfabugun.com\/index.php\/wp-json\/wp\/v2\/tags?post=17319"},{"taxonomy":"manset","embeddable":true,"href":"https:\/\/www.urfabugun.com\/index.php\/wp-json\/wp\/v2\/manset?post=17319"}],"curies":[{"name":"wp","href":"https:\/\/api.w.org\/{rel}","templated":true}]}}