{"id":17340,"date":"2024-10-28T17:40:53","date_gmt":"2024-10-28T14:40:53","guid":{"rendered":"https:\/\/www.urfabugun.com\/?p=17340"},"modified":"2024-10-28T17:40:59","modified_gmt":"2024-10-28T14:40:59","slug":"eyyubiyede-zincirleme-kaza-8-yarali","status":"publish","type":"post","link":"https:\/\/www.urfabugun.com\/index.php\/2024\/10\/28\/eyyubiyede-zincirleme-kaza-8-yarali\/","title":{"rendered":"Eyy\u00fcbiye&#8217;de Zincirleme Kaza: 8 Yaral\u0131!"},"content":{"rendered":"\n<p><\/p>\n\n\n\n<p><strong>\u015eanl\u0131urfa\u2019n\u0131n Eyy\u00fcbiye il\u00e7esinde 4 arac\u0131n kar\u0131\u015ft\u0131\u011f\u0131 zincirleme trafik kazas\u0131 meydana geldi. Meydana gelen kazada 8 ki\u015fi yaraland\u0131.<\/strong><\/p>\n\n\n\n<p>Kaza, \u015eanl\u0131urfa\u2019n\u0131n Eyy\u00fcbiye il\u00e7esi Akabe yoku\u015funda meydana geldi. \u0130ddiaya g\u00f6re, hen\u00fcz s\u00fcr\u00fcc\u00fclerin ismi \u00f6\u011frenilmeyen Akabe yoku\u015funda 4 arac\u0131n kar\u0131\u015ft\u0131\u011f\u0131 zincirleme trafik kazas\u0131 meydana geldi. Meydana gelen kazada 8 ki\u015fi yaraland\u0131.<\/p>\n\n\n\n<p>S\u00fcr\u00fcc\u00fclerin ihbar\u0131 \u00fczerine olay yerine \u00e7ok say\u0131da polis ve sa\u011fl\u0131k ekipleri sevk edildi. Ara\u00e7tan \u00e7\u0131kart\u0131lan yaral\u0131lar olay yerinde yap\u0131lan ilk m\u00fcdahalenin ambulanslarla \u015eanl\u0131urfa\u2019da \u00e7e\u015fitli hastanelere kald\u0131r\u0131ld\u0131.<\/p>\n\n\n\n<p>Polis kazayla ilgili soru\u015fturma ba\u015flatt\u0131.<\/p>\n","protected":false},"excerpt":{"rendered":"<p>\u015eanl\u0131urfa\u2019n\u0131n Eyy\u00fcbiye il\u00e7esinde 4 arac\u0131n kar\u0131\u015ft\u0131\u011f\u0131 zincirleme trafik kazas\u0131 meydana geldi. Meydana gelen kazada 8 ki\u015fi&#46;&#46;&#46;<\/p>\n","protected":false},"author":2,"featured_media":17342,"comment_status":"open","ping_status":"open","sticky":false,"template":"","format":"standard","meta":{"inline_featured_image":false,"footnotes":""},"categories":[82,75],"tags":[184,118,131,107],"manset":[],"class_list":["post-17340","post","type-post","status-publish","format-standard","has-post-thumbnail","hentry","category-gundem-haberleri","category-asayis-haberleri","tag-asayis","tag-sanliurfa","tag-son-dakika","tag-ub"],"_links":{"self":[{"href":"https:\/\/www.urfabugun.com\/index.php\/wp-json\/wp\/v2\/posts\/17340","targetHints":{"allow":["GET"]}}],"collection":[{"href":"https:\/\/www.urfabugun.com\/index.php\/wp-json\/wp\/v2\/posts"}],"about":[{"href":"https:\/\/www.urfabugun.com\/index.php\/wp-json\/wp\/v2\/types\/post"}],"author":[{"embeddable":true,"href":"https:\/\/www.urfabugun.com\/index.php\/wp-json\/wp\/v2\/users\/2"}],"replies":[{"embeddable":true,"href":"https:\/\/www.urfabugun.com\/index.php\/wp-json\/wp\/v2\/comments?post=17340"}],"version-history":[{"count":0,"href":"https:\/\/www.urfabugun.com\/index.php\/wp-json\/wp\/v2\/posts\/17340\/revisions"}],"wp:featuredmedia":[{"embeddable":true,"href":"https:\/\/www.urfabugun.com\/index.php\/wp-json\/wp\/v2\/media\/17342"}],"wp:attachment":[{"href":"https:\/\/www.urfabugun.com\/index.php\/wp-json\/wp\/v2\/media?parent=17340"}],"wp:term":[{"taxonomy":"category","embeddable":true,"href":"https:\/\/www.urfabugun.com\/index.php\/wp-json\/wp\/v2\/categories?post=17340"},{"taxonomy":"post_tag","embeddable":true,"href":"https:\/\/www.urfabugun.com\/index.php\/wp-json\/wp\/v2\/tags?post=17340"},{"taxonomy":"manset","embeddable":true,"href":"https:\/\/www.urfabugun.com\/index.php\/wp-json\/wp\/v2\/manset?post=17340"}],"curies":[{"name":"wp","href":"https:\/\/api.w.org\/{rel}","templated":true}]}}