{"id":17347,"date":"2024-10-29T10:39:37","date_gmt":"2024-10-29T07:39:37","guid":{"rendered":"https:\/\/www.urfabugun.com\/?p=17347"},"modified":"2024-10-29T10:39:44","modified_gmt":"2024-10-29T07:39:44","slug":"sanliurfada-iki-ticari-arac-carpisti-6-yarali","status":"publish","type":"post","link":"https:\/\/www.urfabugun.com\/index.php\/2024\/10\/29\/sanliurfada-iki-ticari-arac-carpisti-6-yarali\/","title":{"rendered":"\u015eanl\u0131urfa\u2019da \u0130ki Ticari Ara\u00e7 \u00c7arp\u0131\u015ft\u0131, 6 Yaral\u0131!"},"content":{"rendered":"\n<p><\/p>\n\n\n\n<p><strong>\u015eanl\u0131urfa\u2019n\u0131n Bozova il\u00e7esinde iki hafif ticari ara\u00e7 \u00e7arp\u0131\u015ft\u0131. Meydana gelen kazada 6 ki\u015fi yaraland\u0131.<\/strong><\/p>\n\n\n\n<p>Kaza, Bozova il\u00e7esine ba\u011fl\u0131 k\u0131rsal \u0130ncirli Mahallesi\u2019nde meydana geldi. \u0130ddiaya g\u00f6re, hen\u00fcz plaka ve s\u00fcr\u00fcc\u00fclerin ismi \u00f6\u011frenilmeyen iki hafif ticari ara\u00e7 \u0130ncirli Mahallesi yak\u0131nlar\u0131nda kafa kafaya \u00e7arp\u0131\u015ft\u0131.<\/p>\n\n\n\n<p>Kazada ara\u00e7larda bulunan Ahmet B. (11), Yusuf B. (13), Hakk\u0131 K. (59), Re\u015fit M.(56) olmak \u00fczere 6 ki\u015fi yaraland\u0131. S\u00fcr\u00fcc\u00fclerin ihbar\u0131 \u00fczerine olay yerine itfaiye, jandarma ve sa\u011fl\u0131k ekibi sevk edildi.<\/p>\n\n\n\n<p>Ara\u00e7ta s\u0131k\u0131\u015fan yaral\u0131lar, itfaiye ekipleri taraf\u0131ndan \u00e7\u0131kart\u0131ld\u0131. Yaral\u0131lar sa\u011fl\u0131k ekiplerinin ilk m\u00fcdahalesinin ard\u0131ndan Bozova Mehmet Enver Y\u0131ld\u0131r\u0131m Devlet Hastanesine kald\u0131r\u0131ld\u0131.<\/p>\n\n\n\n<p>Durumu a\u011f\u0131r olan 2 yaral\u0131 Mehmet Akif \u0130nan E\u011fitim ve Ara\u015ft\u0131rma Hastanesine sevk edildi<\/p>\n\n\n\n<p>Kazayla ilgili soru\u015fturma ba\u015flat\u0131ld\u0131.<\/p>\n","protected":false},"excerpt":{"rendered":"<p>\u015eanl\u0131urfa\u2019n\u0131n Bozova il\u00e7esinde iki hafif ticari ara\u00e7 \u00e7arp\u0131\u015ft\u0131. Meydana gelen kazada 6 ki\u015fi yaraland\u0131. Kaza, Bozova&#46;&#46;&#46;<\/p>\n","protected":false},"author":2,"featured_media":17349,"comment_status":"open","ping_status":"open","sticky":false,"template":"","format":"standard","meta":{"inline_featured_image":false,"footnotes":""},"categories":[82,75],"tags":[228,118,131,107],"manset":[],"class_list":["post-17347","post","type-post","status-publish","format-standard","has-post-thumbnail","hentry","category-gundem-haberleri","category-asayis-haberleri","tag-kaza","tag-sanliurfa","tag-son-dakika","tag-ub"],"_links":{"self":[{"href":"https:\/\/www.urfabugun.com\/index.php\/wp-json\/wp\/v2\/posts\/17347","targetHints":{"allow":["GET"]}}],"collection":[{"href":"https:\/\/www.urfabugun.com\/index.php\/wp-json\/wp\/v2\/posts"}],"about":[{"href":"https:\/\/www.urfabugun.com\/index.php\/wp-json\/wp\/v2\/types\/post"}],"author":[{"embeddable":true,"href":"https:\/\/www.urfabugun.com\/index.php\/wp-json\/wp\/v2\/users\/2"}],"replies":[{"embeddable":true,"href":"https:\/\/www.urfabugun.com\/index.php\/wp-json\/wp\/v2\/comments?post=17347"}],"version-history":[{"count":0,"href":"https:\/\/www.urfabugun.com\/index.php\/wp-json\/wp\/v2\/posts\/17347\/revisions"}],"wp:featuredmedia":[{"embeddable":true,"href":"https:\/\/www.urfabugun.com\/index.php\/wp-json\/wp\/v2\/media\/17349"}],"wp:attachment":[{"href":"https:\/\/www.urfabugun.com\/index.php\/wp-json\/wp\/v2\/media?parent=17347"}],"wp:term":[{"taxonomy":"category","embeddable":true,"href":"https:\/\/www.urfabugun.com\/index.php\/wp-json\/wp\/v2\/categories?post=17347"},{"taxonomy":"post_tag","embeddable":true,"href":"https:\/\/www.urfabugun.com\/index.php\/wp-json\/wp\/v2\/tags?post=17347"},{"taxonomy":"manset","embeddable":true,"href":"https:\/\/www.urfabugun.com\/index.php\/wp-json\/wp\/v2\/manset?post=17347"}],"curies":[{"name":"wp","href":"https:\/\/api.w.org\/{rel}","templated":true}]}}