{"id":17381,"date":"2024-11-04T10:19:31","date_gmt":"2024-11-04T07:19:31","guid":{"rendered":"https:\/\/www.urfabugun.com\/?p=17381"},"modified":"2024-11-04T10:19:37","modified_gmt":"2024-11-04T07:19:37","slug":"halfeti-belediyesine-kayyum-atandi","status":"publish","type":"post","link":"https:\/\/www.urfabugun.com\/index.php\/2024\/11\/04\/halfeti-belediyesine-kayyum-atandi\/","title":{"rendered":"Halfeti Belediyesine Kayyum Atand\u0131!"},"content":{"rendered":"\n<p><\/p>\n\n\n\n<p><strong>Halfeti Belediyesi&#8217;ne kayyum atand\u0131. Halfeti Kaymakam\u0131 Hakan Ba\u015fo\u011flu kayyum olarak g\u00f6revlendirildi.<\/strong><\/p>\n\n\n\n<p>\u0130\u00e7i\u015fleri Bakanl\u0131\u011f\u0131 taraf\u0131ndan Halklar\u0131n E\u015fitlik ve Demokrasi Partisi (DEM Parti) y\u00f6netimindeki Mardin B\u00fcy\u00fck\u015fehir Belediyesi&#8217;ne, Batman Belediyesi\u2019ne ve \u015eanl\u0131urfa&#8217;n\u0131n Halfeti Belediyesi&#8217;ne kayy\u0131m atad\u0131<\/p>\n\n\n\n<p>\u0130\u00e7i\u015fleri Bakanl\u0131\u011f\u0131 Halfeti Belediye Ba\u015fkan\u0131 Mehmet Karay\u0131lan\u2019\u0131n g\u00f6revden uzakla\u015ft\u0131r\u0131ld\u0131\u011f\u0131n\u0131 a\u00e7\u0131klad\u0131.<\/p>\n\n\n\n<p>\u015eanl\u0131urfa&#8217;n\u0131n Halfeti Belediye Ba\u015fkan\u0131 Mehmet Karay\u0131lan\u2019\u0131n Gaziantep 2. A\u011f\u0131r Ceza Mahkemesinin 2020\/136 esas say\u0131l\u0131 dosyas\u0131 kapsam\u0131nda \u2018silahl\u0131 ter\u00f6r \u00f6rg\u00fct\u00fcne \u00fcye olma\u2019 su\u00e7undan 6 y\u0131l 3 ay 15 g\u00fcn hapis cezas\u0131 almas\u0131, \u015eanl\u0131urfa Cumhuriyet Ba\u015fsavc\u0131s\u0131n\u0131n 2024\/466 esas say\u0131l\u0131 soru\u015fturma kapsam\u0131nda \u2018silahl\u0131 ter\u00f6r \u00f6rg\u00fct\u00fcne \u00fcye olma\u2019 su\u00e7undan y\u00fcr\u00fct\u00fclen soru\u015fturman\u0131n devam etmesi nedeniyle; Mehmet Karay\u0131lan\u2019\u0131n Anayasa&#8217;n\u0131n 127&#8217;nci maddesi ile 5393 say\u0131l\u0131 Belediye Kanunu&#8217;nun 47&#8217;inci maddesi gere\u011fince ge\u00e7ici bir tedbir olarak \u0130\u00e7i\u015fleri Bakanl\u0131\u011f\u0131&#8217;nca g\u00f6revden uzakla\u015ft\u0131r\u0131lmas\u0131na karar verildi. Mehmet Karay\u0131lan\u2019\u0131n yerine ise Halfeti Kaymakam\u0131 Hakan Ba\u015fo\u011flu \u015eanl\u0131urfa Valili\u011fince, Halfeti Belediye Ba\u015fkan Vekili olarak g\u00f6revlendirildi.<\/p>\n","protected":false},"excerpt":{"rendered":"<p>Halfeti Belediyesi&#8217;ne kayyum atand\u0131. Halfeti Kaymakam\u0131 Hakan Ba\u015fo\u011flu kayyum olarak g\u00f6revlendirildi. \u0130\u00e7i\u015fleri Bakanl\u0131\u011f\u0131 taraf\u0131ndan Halklar\u0131n E\u015fitlik&#46;&#46;&#46;<\/p>\n","protected":false},"author":2,"featured_media":17383,"comment_status":"open","ping_status":"open","sticky":false,"template":"","format":"standard","meta":{"inline_featured_image":false,"footnotes":""},"categories":[82],"tags":[4822,118,131,107,93],"manset":[],"class_list":["post-17381","post","type-post","status-publish","format-standard","has-post-thumbnail","hentry","category-gundem-haberleri","tag-kayyum","tag-sanliurfa","tag-son-dakika","tag-ub","tag-ust"],"_links":{"self":[{"href":"https:\/\/www.urfabugun.com\/index.php\/wp-json\/wp\/v2\/posts\/17381","targetHints":{"allow":["GET"]}}],"collection":[{"href":"https:\/\/www.urfabugun.com\/index.php\/wp-json\/wp\/v2\/posts"}],"about":[{"href":"https:\/\/www.urfabugun.com\/index.php\/wp-json\/wp\/v2\/types\/post"}],"author":[{"embeddable":true,"href":"https:\/\/www.urfabugun.com\/index.php\/wp-json\/wp\/v2\/users\/2"}],"replies":[{"embeddable":true,"href":"https:\/\/www.urfabugun.com\/index.php\/wp-json\/wp\/v2\/comments?post=17381"}],"version-history":[{"count":0,"href":"https:\/\/www.urfabugun.com\/index.php\/wp-json\/wp\/v2\/posts\/17381\/revisions"}],"wp:featuredmedia":[{"embeddable":true,"href":"https:\/\/www.urfabugun.com\/index.php\/wp-json\/wp\/v2\/media\/17383"}],"wp:attachment":[{"href":"https:\/\/www.urfabugun.com\/index.php\/wp-json\/wp\/v2\/media?parent=17381"}],"wp:term":[{"taxonomy":"category","embeddable":true,"href":"https:\/\/www.urfabugun.com\/index.php\/wp-json\/wp\/v2\/categories?post=17381"},{"taxonomy":"post_tag","embeddable":true,"href":"https:\/\/www.urfabugun.com\/index.php\/wp-json\/wp\/v2\/tags?post=17381"},{"taxonomy":"manset","embeddable":true,"href":"https:\/\/www.urfabugun.com\/index.php\/wp-json\/wp\/v2\/manset?post=17381"}],"curies":[{"name":"wp","href":"https:\/\/api.w.org\/{rel}","templated":true}]}}