{"id":17419,"date":"2024-11-05T12:49:03","date_gmt":"2024-11-05T09:49:03","guid":{"rendered":"https:\/\/www.urfabugun.com\/?p=17419"},"modified":"2024-11-05T12:49:10","modified_gmt":"2024-11-05T09:49:10","slug":"halfetide-belediye-onunde-polise-tasli-saldiri-8-gozalti","status":"publish","type":"post","link":"https:\/\/www.urfabugun.com\/index.php\/2024\/11\/05\/halfetide-belediye-onunde-polise-tasli-saldiri-8-gozalti\/","title":{"rendered":"Halfeti\u2019de Belediye \u00d6n\u00fcnde Polise Ta\u015fl\u0131 Sald\u0131r\u0131: 8 G\u00f6zalt\u0131!"},"content":{"rendered":"\n<p><\/p>\n\n\n\n<p><strong>\u015eanl\u0131urfa\u2019n\u0131n Halfeti il\u00e7esinde belediye ba\u015fkan\u0131na y\u00f6nelik g\u00f6revlendirme karar\u0131 sonras\u0131 ya\u015fanan gerginlikte polislere ta\u015fl\u0131 sald\u0131r\u0131da bulunan 8 ki\u015fi polis taraf\u0131ndan g\u00f6zalt\u0131na al\u0131nd\u0131.<\/strong><\/p>\n\n\n\n<p>\u0130\u00e7i\u015fleri Bakanl\u0131\u011f\u0131 taraf\u0131ndan Halfeti Belediye Ba\u015fkan\u0131 Mehmet Karay\u0131lan\u2019\u0131n g\u00f6revden uzakla\u015ft\u0131r\u0131lmas\u0131n\u0131n ard\u0131ndan, belediye binas\u0131na girmek isteyen bir grup, g\u00fcvenlik \u00f6nlemi alan polislere ta\u015flarla sald\u0131rd\u0131. Sald\u0131r\u0131 sonucu iki polis memuru yaraland\u0131.<\/p>\n\n\n\n<p>Olay\u0131n ard\u0131ndan \u015eanl\u0131urfa \u0130l Emniyet M\u00fcd\u00fcrl\u00fc\u011f\u00fc ekipleri taraf\u0131ndan ba\u015flat\u0131lan \u00e7al\u0131\u015fmalarda sald\u0131r\u0131ya kar\u0131\u015fan 8 ki\u015fi g\u00f6zalt\u0131na al\u0131nd\u0131. G\u00f6zalt\u0131na al\u0131nan \u015fah\u0131slar\u0131n emniyetteki i\u015flemlerinin s\u00fcrd\u00fc\u011f\u00fc bildirildi. Ya\u015fanan olay sonras\u0131 Halfeti\u2019de g\u00fcvenlik \u00f6nlemleri art\u0131r\u0131ld\u0131. Partililer belediye \u00f6n\u00fcnde bekleyi\u015flerini s\u00fcr\u00fcyor.<\/p>\n","protected":false},"excerpt":{"rendered":"<p>\u015eanl\u0131urfa\u2019n\u0131n Halfeti il\u00e7esinde belediye ba\u015fkan\u0131na y\u00f6nelik g\u00f6revlendirme karar\u0131 sonras\u0131 ya\u015fanan gerginlikte polislere ta\u015fl\u0131 sald\u0131r\u0131da bulunan 8&#46;&#46;&#46;<\/p>\n","protected":false},"author":2,"featured_media":17421,"comment_status":"open","ping_status":"open","sticky":false,"template":"","format":"standard","meta":{"inline_featured_image":false,"footnotes":""},"categories":[75],"tags":[3606,757,279,4822,118,131,107],"manset":[],"class_list":["post-17419","post","type-post","status-publish","format-standard","has-post-thumbnail","hentry","category-asayis-haberleri","tag-dem-parti","tag-halfeti","tag-hdp","tag-kayyum","tag-sanliurfa","tag-son-dakika","tag-ub"],"_links":{"self":[{"href":"https:\/\/www.urfabugun.com\/index.php\/wp-json\/wp\/v2\/posts\/17419","targetHints":{"allow":["GET"]}}],"collection":[{"href":"https:\/\/www.urfabugun.com\/index.php\/wp-json\/wp\/v2\/posts"}],"about":[{"href":"https:\/\/www.urfabugun.com\/index.php\/wp-json\/wp\/v2\/types\/post"}],"author":[{"embeddable":true,"href":"https:\/\/www.urfabugun.com\/index.php\/wp-json\/wp\/v2\/users\/2"}],"replies":[{"embeddable":true,"href":"https:\/\/www.urfabugun.com\/index.php\/wp-json\/wp\/v2\/comments?post=17419"}],"version-history":[{"count":0,"href":"https:\/\/www.urfabugun.com\/index.php\/wp-json\/wp\/v2\/posts\/17419\/revisions"}],"wp:featuredmedia":[{"embeddable":true,"href":"https:\/\/www.urfabugun.com\/index.php\/wp-json\/wp\/v2\/media\/17421"}],"wp:attachment":[{"href":"https:\/\/www.urfabugun.com\/index.php\/wp-json\/wp\/v2\/media?parent=17419"}],"wp:term":[{"taxonomy":"category","embeddable":true,"href":"https:\/\/www.urfabugun.com\/index.php\/wp-json\/wp\/v2\/categories?post=17419"},{"taxonomy":"post_tag","embeddable":true,"href":"https:\/\/www.urfabugun.com\/index.php\/wp-json\/wp\/v2\/tags?post=17419"},{"taxonomy":"manset","embeddable":true,"href":"https:\/\/www.urfabugun.com\/index.php\/wp-json\/wp\/v2\/manset?post=17419"}],"curies":[{"name":"wp","href":"https:\/\/api.w.org\/{rel}","templated":true}]}}