{"id":17449,"date":"2024-11-07T09:46:47","date_gmt":"2024-11-07T06:46:47","guid":{"rendered":"https:\/\/www.urfabugun.com\/?p=17449"},"modified":"2024-11-07T09:46:53","modified_gmt":"2024-11-07T06:46:53","slug":"16-yas-altina-sosyal-medya-yasagi-getiriliyor","status":"publish","type":"post","link":"https:\/\/www.urfabugun.com\/index.php\/2024\/11\/07\/16-yas-altina-sosyal-medya-yasagi-getiriliyor\/","title":{"rendered":"16 Ya\u015f Alt\u0131na Sosyal Medya Yasa\u011f\u0131 Getiriliyor!"},"content":{"rendered":"\n<p><\/p>\n\n\n\n<p><strong>Avustralya h\u00fck\u00fcmeti, \u00e7ocuklar\u0131 \u00e7evrim i\u00e7i tehlikelerden korumak amac\u0131yla 16 ya\u015f\u0131n alt\u0131ndaki \u00e7ocuklara sosyal medya yasa\u011f\u0131 getirmeye haz\u0131rlan\u0131yor.<\/strong><\/p>\n\n\n\n<p>Ba\u015fbakan Anthony Albanese\u2019nin \u00f6nc\u00fcl\u00fc\u011f\u00fcnde sunulacak olan yasa tasar\u0131s\u0131, \u00f6n\u00fcm\u00fczdeki hafta parlamento g\u00fcndemine al\u0131nacak.<\/p>\n\n\n\n<p>Tasar\u0131ya g\u00f6re, halihaz\u0131rda sosyal medyada hesap sahibi olan gen\u00e7ler yasaktan etkilenmeyecek ve ebeveyn onay\u0131 ile ya\u015f s\u0131n\u0131rlamas\u0131 a\u015f\u0131lamayacak.<\/p>\n\n\n\n<p>Bu yasada sorumluluk sosyal medya platformlar\u0131na verilerek, platformlar\u0131n ya\u015f s\u0131n\u0131rlamas\u0131n\u0131 uygulama konusunda &#8220;makul ad\u0131mlar atmas\u0131&#8221; gerekecek.<\/p>\n\n\n\n<p>Yasaya uyumu ise Avustralya&#8217;n\u0131n \u00e7evrim i\u00e7i d\u00fczenleyici kurumu eSafety Komiserli\u011fi denetleyecek.<\/p>\n\n\n\n<p>Uzman g\u00f6r\u00fc\u015fleri ve ele\u015ftiriler<br>Yasa tasar\u0131s\u0131n\u0131n \u00e7ocuklar\u0131n zihinsel sa\u011fl\u0131\u011f\u0131n\u0131 koruma amac\u0131 ta\u015f\u0131d\u0131\u011f\u0131 belirtilse de, uzmanlar aras\u0131nda etkinli\u011fi konusunda farkl\u0131 g\u00f6r\u00fc\u015fler mevcut.<\/p>\n\n\n\n<p>Baz\u0131 uzmanlar, bu t\u00fcr yasaklar\u0131n gen\u00e7leri yaln\u0131zca erteleyerek sosyal medyaya haz\u0131rl\u0131ks\u0131z b\u0131rakt\u0131\u011f\u0131n\u0131 savunurken, di\u011ferleri \u00e7ocuklar\u0131 dijital ortamlardan koruman\u0131n \u00f6nemine vurgu yap\u0131yor.<\/p>\n\n\n\n<p>Avustralya \u00c7ocuk Haklar\u0131 G\u00f6rev G\u00fcc\u00fc, h\u00fck\u00fcmete yasa tasar\u0131s\u0131 yerine sosyal medya platformlar\u0131na g\u00fcvenlik standartlar\u0131 getirilmesini \u00f6neren bir a\u00e7\u0131k mektup sundu.<\/p>\n\n\n\n<p>Mektupta, Birle\u015fmi\u015f Milletler\u2019in \u00e7evrim i\u00e7i alanlar\u0131n \u00e7ocuklar\u0131n yarar\u0131na kullan\u0131lmas\u0131n\u0131 destekleyen tavsiyelerine de at\u0131fta bulunuldu.<\/p>\n\n\n\n<p>\u00d6te yandan, baz\u0131 toplum gruplar\u0131 yasa tasar\u0131s\u0131n\u0131 destekliyor.<\/p>\n\n\n\n<p>125 binden fazla imza toplayan 36Months inisiyatifi, gen\u00e7lerin \u00e7evrim i\u00e7i platformlar\u0131 g\u00fcvenli \u015fekilde kullanabilmek i\u00e7in 16 ya\u015f\u0131na kadar beklemeleri gerekti\u011fini belirtiyor.<\/p>\n","protected":false},"excerpt":{"rendered":"<p>Avustralya h\u00fck\u00fcmeti, \u00e7ocuklar\u0131 \u00e7evrim i\u00e7i tehlikelerden korumak amac\u0131yla 16 ya\u015f\u0131n alt\u0131ndaki \u00e7ocuklara sosyal medya yasa\u011f\u0131 getirmeye&#46;&#46;&#46;<\/p>\n","protected":false},"author":2,"featured_media":17451,"comment_status":"open","ping_status":"open","sticky":false,"template":"","format":"standard","meta":{"inline_featured_image":false,"footnotes":""},"categories":[82,92],"tags":[4826,118,131,107,93,1693],"manset":[],"class_list":["post-17449","post","type-post","status-publish","format-standard","has-post-thumbnail","hentry","category-gundem-haberleri","category-yasam-haberleri","tag-avusturalya","tag-sanliurfa","tag-son-dakika","tag-ub","tag-ust","tag-yasak"],"_links":{"self":[{"href":"https:\/\/www.urfabugun.com\/index.php\/wp-json\/wp\/v2\/posts\/17449","targetHints":{"allow":["GET"]}}],"collection":[{"href":"https:\/\/www.urfabugun.com\/index.php\/wp-json\/wp\/v2\/posts"}],"about":[{"href":"https:\/\/www.urfabugun.com\/index.php\/wp-json\/wp\/v2\/types\/post"}],"author":[{"embeddable":true,"href":"https:\/\/www.urfabugun.com\/index.php\/wp-json\/wp\/v2\/users\/2"}],"replies":[{"embeddable":true,"href":"https:\/\/www.urfabugun.com\/index.php\/wp-json\/wp\/v2\/comments?post=17449"}],"version-history":[{"count":0,"href":"https:\/\/www.urfabugun.com\/index.php\/wp-json\/wp\/v2\/posts\/17449\/revisions"}],"wp:featuredmedia":[{"embeddable":true,"href":"https:\/\/www.urfabugun.com\/index.php\/wp-json\/wp\/v2\/media\/17451"}],"wp:attachment":[{"href":"https:\/\/www.urfabugun.com\/index.php\/wp-json\/wp\/v2\/media?parent=17449"}],"wp:term":[{"taxonomy":"category","embeddable":true,"href":"https:\/\/www.urfabugun.com\/index.php\/wp-json\/wp\/v2\/categories?post=17449"},{"taxonomy":"post_tag","embeddable":true,"href":"https:\/\/www.urfabugun.com\/index.php\/wp-json\/wp\/v2\/tags?post=17449"},{"taxonomy":"manset","embeddable":true,"href":"https:\/\/www.urfabugun.com\/index.php\/wp-json\/wp\/v2\/manset?post=17449"}],"curies":[{"name":"wp","href":"https:\/\/api.w.org\/{rel}","templated":true}]}}