{"id":17466,"date":"2024-11-08T10:13:20","date_gmt":"2024-11-08T07:13:20","guid":{"rendered":"https:\/\/www.urfabugun.com\/?p=17466"},"modified":"2024-11-08T10:13:27","modified_gmt":"2024-11-08T07:13:27","slug":"eyyubiyede-tirin-altinda-kalan-kisi-hayatini-kaybetti","status":"publish","type":"post","link":"https:\/\/www.urfabugun.com\/index.php\/2024\/11\/08\/eyyubiyede-tirin-altinda-kalan-kisi-hayatini-kaybetti\/","title":{"rendered":"Eyy\u00fcbiye&#8217;de T\u0131r\u0131n Alt\u0131nda Kalan Ki\u015fi Hayat\u0131n\u0131 Kaybetti!"},"content":{"rendered":"\n<p><\/p>\n\n\n\n<p><strong>\u015eanl\u0131urfa\u2019n\u0131n Eyy\u00fcbiye il\u00e7esinde geri manevra yapan t\u0131r\u0131n alt\u0131nda kalan 46 ya\u015f\u0131ndaki Halil Ermi\u015f olay yerinde hayat\u0131n\u0131 kaybetti.<\/strong><\/p>\n\n\n\n<p>Kaza, Eyy\u00fcbiye \u0130l\u00e7esine ba\u011fl\u0131 k\u0131rsa Ko\u00e7\u00f6ren Mahallesinde bulunan 1. Organize sanayi sitesinde faaliyet g\u00f6steren bir ya\u011f fabrikas\u0131nda meydana geldi. Edinilen bilgiye g\u00f6re, 44 ya\u015f\u0131ndaki Serdal A. idaresindeki 33 D 6920 plakal\u0131 t\u0131r, geri manevra yapt\u0131\u011f\u0131 esnada k\u00f6r noktada bulunan 46 ya\u015f\u0131ndaki Halil Ermi\u015f\u2019e \u00e7arparak ezdi.<\/p>\n\n\n\n<p>Halil Ermi\u015f, t\u0131r\u0131n alt\u0131nda kalarak olay yerinde hayat\u0131n\u0131 kaybetti. Durumu bildirilmesi \u00fczerine olay yerine sa\u011fl\u0131k ve jandarma ekipleri sevk edildi. K\u0131sa s\u00fcrede olay\u0131n ya\u015fand\u0131\u011f\u0131 fabrikaya gelen sa\u011fl\u0131k ekipleri Halil Ermi\u015f\u2019in hayat\u0131n\u0131 kaybetti\u011fini belirledi. Ermi\u015f\u2019in cenazesi olay yerine gelen cumhuriyet savc\u0131n\u0131n incelemesinin ard\u0131ndan otopsisi yap\u0131lmak \u00fczere \u015eanl\u0131urfa Adli T\u0131p Kurumu morguna kald\u0131r\u0131ld\u0131.<\/p>\n\n\n\n<p>t\u0131r s\u00fcr\u00fcc\u00fc ise ifadesi al\u0131nmak \u00fczere jandarma ekiplerince g\u00f6zalt\u0131na al\u0131narak karakola g\u00f6t\u00fcr\u00fcld\u00fc. Olayla ilgili soru\u015fturma s\u00fcr\u00fcyor.<\/p>\n","protected":false},"excerpt":{"rendered":"<p>\u015eanl\u0131urfa\u2019n\u0131n Eyy\u00fcbiye il\u00e7esinde geri manevra yapan t\u0131r\u0131n alt\u0131nda kalan 46 ya\u015f\u0131ndaki Halil Ermi\u015f olay yerinde hayat\u0131n\u0131&#46;&#46;&#46;<\/p>\n","protected":false},"author":2,"featured_media":7395,"comment_status":"open","ping_status":"open","sticky":false,"template":"","format":"standard","meta":{"inline_featured_image":false,"footnotes":""},"categories":[75],"tags":[184,118,107],"manset":[],"class_list":["post-17466","post","type-post","status-publish","format-standard","has-post-thumbnail","hentry","category-asayis-haberleri","tag-asayis","tag-sanliurfa","tag-ub"],"_links":{"self":[{"href":"https:\/\/www.urfabugun.com\/index.php\/wp-json\/wp\/v2\/posts\/17466","targetHints":{"allow":["GET"]}}],"collection":[{"href":"https:\/\/www.urfabugun.com\/index.php\/wp-json\/wp\/v2\/posts"}],"about":[{"href":"https:\/\/www.urfabugun.com\/index.php\/wp-json\/wp\/v2\/types\/post"}],"author":[{"embeddable":true,"href":"https:\/\/www.urfabugun.com\/index.php\/wp-json\/wp\/v2\/users\/2"}],"replies":[{"embeddable":true,"href":"https:\/\/www.urfabugun.com\/index.php\/wp-json\/wp\/v2\/comments?post=17466"}],"version-history":[{"count":0,"href":"https:\/\/www.urfabugun.com\/index.php\/wp-json\/wp\/v2\/posts\/17466\/revisions"}],"wp:featuredmedia":[{"embeddable":true,"href":"https:\/\/www.urfabugun.com\/index.php\/wp-json\/wp\/v2\/media\/7395"}],"wp:attachment":[{"href":"https:\/\/www.urfabugun.com\/index.php\/wp-json\/wp\/v2\/media?parent=17466"}],"wp:term":[{"taxonomy":"category","embeddable":true,"href":"https:\/\/www.urfabugun.com\/index.php\/wp-json\/wp\/v2\/categories?post=17466"},{"taxonomy":"post_tag","embeddable":true,"href":"https:\/\/www.urfabugun.com\/index.php\/wp-json\/wp\/v2\/tags?post=17466"},{"taxonomy":"manset","embeddable":true,"href":"https:\/\/www.urfabugun.com\/index.php\/wp-json\/wp\/v2\/manset?post=17466"}],"curies":[{"name":"wp","href":"https:\/\/api.w.org\/{rel}","templated":true}]}}