{"id":17483,"date":"2024-11-09T21:13:28","date_gmt":"2024-11-09T18:13:28","guid":{"rendered":"https:\/\/www.urfabugun.com\/?p=17483"},"modified":"2024-11-09T21:13:34","modified_gmt":"2024-11-09T18:13:34","slug":"viransehirli-genc-feci-kazada-hayatini-kaybetti","status":"publish","type":"post","link":"https:\/\/www.urfabugun.com\/index.php\/2024\/11\/09\/viransehirli-genc-feci-kazada-hayatini-kaybetti\/","title":{"rendered":"Viran\u015fehirli Gen\u00e7 Feci Kazada Hayat\u0131n\u0131 Kaybetti!"},"content":{"rendered":"\n<p><\/p>\n\n\n\n<p><strong>Mardin\u2019in Nusaybin il\u00e7esinde otomobilin \u00e7arpt\u0131\u011f\u0131 33 ya\u015f\u0131ndaki \u015eanl\u0131urfal\u0131 gen\u00e7 hayat\u0131n\u0131 kaybetti.<\/strong><\/p>\n\n\n\n<p>Kaza, Mardin\u2019in Nusaybin il\u00e7esine ba\u011fl\u0131 k\u0131rsal Hasantepe Mahallesi yak\u0131nlar\u0131nda meydana geldi. \u0130ddiaya g\u00f6re, \u015eanl\u0131urfa\u2019n\u0131n Viran\u015fehir il\u00e7esine ikamet eden 33 ya\u015f\u0131ndaki \u0130brahim Erduran, yolda g\u00f6rd\u00fc\u011f\u00fc bir lasti\u011fi kald\u0131rmak i\u00e7in arac\u0131n\u0131 sa\u011fa \u00e7ekerek indi.<\/p>\n\n\n\n<p>Erduran, yolda lasti\u011fi kald\u0131rmaya \u00e7al\u0131\u015f\u0131rken, s\u00fcr\u00fcc\u00fcs\u00fcn\u00fcn ismi \u00f6\u011frenilemeyen 33 BV 5512 plakal\u0131 otomobilin \u00e7arpmas\u0131yla a\u011f\u0131r yaraland\u0131. S\u00fcr\u00fcc\u00fclerin ihbar\u0131 \u00fczerine olay yerine jandarma ve sa\u011fl\u0131k ekibi sevk edildi.<\/p>\n\n\n\n<p>A\u011f\u0131r yaralan gen\u00e7 olay yerinde yap\u0131lan ilk m\u00fcdahalenin ard\u0131ndan ambulans ile Nusaybin Devlet Hastanesi&#8217;ne kald\u0131r\u0131ld\u0131. Gen\u00e7 hastanede yap\u0131lan t\u00fcm m\u00fcdahaleye ra\u011fmen kurtar\u0131lamad\u0131. Otomobil s\u00fcr\u00fcc\u00fcs\u00fcn\u00fcn g\u00f6zalt\u0131na al\u0131nd\u0131.<\/p>\n\n\n\n<p>Kazayla ilgili soru\u015fturma ba\u015flat\u0131ld\u0131.<\/p>\n","protected":false},"excerpt":{"rendered":"<p>Mardin\u2019in Nusaybin il\u00e7esinde otomobilin \u00e7arpt\u0131\u011f\u0131 33 ya\u015f\u0131ndaki \u015eanl\u0131urfal\u0131 gen\u00e7 hayat\u0131n\u0131 kaybetti. Kaza, Mardin\u2019in Nusaybin il\u00e7esine ba\u011fl\u0131&#46;&#46;&#46;<\/p>\n","protected":false},"author":2,"featured_media":17485,"comment_status":"open","ping_status":"open","sticky":false,"template":"","format":"standard","meta":{"inline_featured_image":false,"footnotes":""},"categories":[75],"tags":[184,118,107],"manset":[],"class_list":["post-17483","post","type-post","status-publish","format-standard","has-post-thumbnail","hentry","category-asayis-haberleri","tag-asayis","tag-sanliurfa","tag-ub"],"_links":{"self":[{"href":"https:\/\/www.urfabugun.com\/index.php\/wp-json\/wp\/v2\/posts\/17483","targetHints":{"allow":["GET"]}}],"collection":[{"href":"https:\/\/www.urfabugun.com\/index.php\/wp-json\/wp\/v2\/posts"}],"about":[{"href":"https:\/\/www.urfabugun.com\/index.php\/wp-json\/wp\/v2\/types\/post"}],"author":[{"embeddable":true,"href":"https:\/\/www.urfabugun.com\/index.php\/wp-json\/wp\/v2\/users\/2"}],"replies":[{"embeddable":true,"href":"https:\/\/www.urfabugun.com\/index.php\/wp-json\/wp\/v2\/comments?post=17483"}],"version-history":[{"count":0,"href":"https:\/\/www.urfabugun.com\/index.php\/wp-json\/wp\/v2\/posts\/17483\/revisions"}],"wp:featuredmedia":[{"embeddable":true,"href":"https:\/\/www.urfabugun.com\/index.php\/wp-json\/wp\/v2\/media\/17485"}],"wp:attachment":[{"href":"https:\/\/www.urfabugun.com\/index.php\/wp-json\/wp\/v2\/media?parent=17483"}],"wp:term":[{"taxonomy":"category","embeddable":true,"href":"https:\/\/www.urfabugun.com\/index.php\/wp-json\/wp\/v2\/categories?post=17483"},{"taxonomy":"post_tag","embeddable":true,"href":"https:\/\/www.urfabugun.com\/index.php\/wp-json\/wp\/v2\/tags?post=17483"},{"taxonomy":"manset","embeddable":true,"href":"https:\/\/www.urfabugun.com\/index.php\/wp-json\/wp\/v2\/manset?post=17483"}],"curies":[{"name":"wp","href":"https:\/\/api.w.org\/{rel}","templated":true}]}}