{"id":17487,"date":"2024-11-09T21:21:42","date_gmt":"2024-11-09T18:21:42","guid":{"rendered":"https:\/\/www.urfabugun.com\/?p=17487"},"modified":"2024-11-09T21:21:49","modified_gmt":"2024-11-09T18:21:49","slug":"cumhurbaskanligi-kabinesi-cankaya-koskunde-toplaniyor","status":"publish","type":"post","link":"https:\/\/www.urfabugun.com\/index.php\/2024\/11\/09\/cumhurbaskanligi-kabinesi-cankaya-koskunde-toplaniyor\/","title":{"rendered":"Cumhurba\u015fkanl\u0131\u011f\u0131 Kabinesi, \u00c7ankaya K\u00f6\u015fk\u00fc&#8217;nde Toplan\u0131yor!"},"content":{"rendered":"\n<p><\/p>\n\n\n\n<p>Cumhurba\u015fkanl\u0131\u011f\u0131 Kabinesi, 10 Kas\u0131m Atat\u00fcrk&#8217;\u00fc Anma G\u00fcn\u00fc&#8217;nde Cumhurba\u015fkan\u0131 Recep Tayyip Erdo\u011fan ba\u015fkanl\u0131\u011f\u0131nda \u00c7ankaya K\u00f6\u015fk\u00fc&#8217;nde toplanacak.<\/p>\n\n\n\n<p>Cumhurba\u015fkan\u0131 Erdo\u011fan, Gazi Mustafa Kemal Atat\u00fcrk&#8217;\u00fcn ebediyete irtihalinin 86. y\u0131l\u0131 nedeniyle d\u00fczenlenecek anma programlar\u0131 kapsam\u0131nda ilk olarak An\u0131tkabir&#8217;i ziyaret edecek. Erdo\u011fan, daha sonra Atat\u00fcrk K\u00fclt\u00fcr, Dil ve Tarih Y\u00fcksek Kurumu&#8217;nun yeni binas\u0131nda d\u00fczenlenecek anma t\u00f6reni program\u0131na kat\u0131lacak.<\/p>\n\n\n\n<p>\u00c7ankaya K\u00f6\u015fk\u00fc&#8217;nde Atat\u00fcrk M\u00fczesi&#8217;nin a\u00e7\u0131l\u0131\u015f\u0131n\u0131 ger\u00e7ekle\u015ftirecek Erdo\u011fan, ard\u0131ndan Kabine toplant\u0131s\u0131na ba\u015fkanl\u0131k edecek.<\/p>\n\n\n\n<p>Toplant\u0131da, ABD Ba\u015fkanl\u0131k se\u00e7imlerinin T\u00fcrkiye ve b\u00f6lgeye yans\u0131malar\u0131n\u0131n de\u011ferlendirilmesi, Cumhurba\u015fkan\u0131 Erdo\u011fan&#8217;\u0131n K\u0131rg\u0131zistan ve Macaristan ziyaretlerindeki diplomatik temaslar\u0131n\u0131n g\u00f6r\u00fc\u015f\u00fclmesi ve ekonomideki son durumun de\u011ferlendirilmesi bekleniyor.<\/p>\n\n\n\n<p>Toplant\u0131da ayr\u0131ca \u0130srail&#8217;in Gazze ve L\u00fcbnan sald\u0131r\u0131lar\u0131n\u0131n da masaya yat\u0131r\u0131lacak g\u00fcndem maddelerinden olmas\u0131 \u00f6ng\u00f6r\u00fcl\u00fcyor.<\/p>\n","protected":false},"excerpt":{"rendered":"<p>Cumhurba\u015fkanl\u0131\u011f\u0131 Kabinesi, 10 Kas\u0131m Atat\u00fcrk&#8217;\u00fc Anma G\u00fcn\u00fc&#8217;nde Cumhurba\u015fkan\u0131 Recep Tayyip Erdo\u011fan ba\u015fkanl\u0131\u011f\u0131nda \u00c7ankaya K\u00f6\u015fk\u00fc&#8217;nde toplanacak. Cumhurba\u015fkan\u0131&#46;&#46;&#46;<\/p>\n","protected":false},"author":2,"featured_media":17489,"comment_status":"open","ping_status":"open","sticky":false,"template":"","format":"standard","meta":{"inline_featured_image":false,"footnotes":""},"categories":[82],"tags":[4827,131,107],"manset":[],"class_list":["post-17487","post","type-post","status-publish","format-standard","has-post-thumbnail","hentry","category-gundem-haberleri","tag-10-kasim","tag-son-dakika","tag-ub"],"_links":{"self":[{"href":"https:\/\/www.urfabugun.com\/index.php\/wp-json\/wp\/v2\/posts\/17487","targetHints":{"allow":["GET"]}}],"collection":[{"href":"https:\/\/www.urfabugun.com\/index.php\/wp-json\/wp\/v2\/posts"}],"about":[{"href":"https:\/\/www.urfabugun.com\/index.php\/wp-json\/wp\/v2\/types\/post"}],"author":[{"embeddable":true,"href":"https:\/\/www.urfabugun.com\/index.php\/wp-json\/wp\/v2\/users\/2"}],"replies":[{"embeddable":true,"href":"https:\/\/www.urfabugun.com\/index.php\/wp-json\/wp\/v2\/comments?post=17487"}],"version-history":[{"count":0,"href":"https:\/\/www.urfabugun.com\/index.php\/wp-json\/wp\/v2\/posts\/17487\/revisions"}],"wp:featuredmedia":[{"embeddable":true,"href":"https:\/\/www.urfabugun.com\/index.php\/wp-json\/wp\/v2\/media\/17489"}],"wp:attachment":[{"href":"https:\/\/www.urfabugun.com\/index.php\/wp-json\/wp\/v2\/media?parent=17487"}],"wp:term":[{"taxonomy":"category","embeddable":true,"href":"https:\/\/www.urfabugun.com\/index.php\/wp-json\/wp\/v2\/categories?post=17487"},{"taxonomy":"post_tag","embeddable":true,"href":"https:\/\/www.urfabugun.com\/index.php\/wp-json\/wp\/v2\/tags?post=17487"},{"taxonomy":"manset","embeddable":true,"href":"https:\/\/www.urfabugun.com\/index.php\/wp-json\/wp\/v2\/manset?post=17487"}],"curies":[{"name":"wp","href":"https:\/\/api.w.org\/{rel}","templated":true}]}}