{"id":17499,"date":"2024-11-12T09:32:28","date_gmt":"2024-11-12T06:32:28","guid":{"rendered":"https:\/\/www.urfabugun.com\/?p=17499"},"modified":"2024-11-12T09:32:34","modified_gmt":"2024-11-12T06:32:34","slug":"viransehirde-elektrik-akimina-kapilan-cocuk-hayatini-kybetti","status":"publish","type":"post","link":"https:\/\/www.urfabugun.com\/index.php\/2024\/11\/12\/viransehirde-elektrik-akimina-kapilan-cocuk-hayatini-kybetti\/","title":{"rendered":"Viran\u015fehir\u2019de Elektrik Ak\u0131m\u0131na Kap\u0131lan \u00c7ocuk Hayat\u0131n\u0131 Kybetti!"},"content":{"rendered":"\n<p><\/p>\n\n\n\n<p><strong>\u015eanl\u0131urfa\u2019n\u0131n Viran\u015fehir il\u00e7esinde elektrik ak\u0131m\u0131na kap\u0131larak a\u011f\u0131r yaralanan 4 ya\u015f\u0131ndaki \u00e7ocuk, kald\u0131r\u0131ld\u0131\u011f\u0131 Devlet Hastanesinde hayat\u0131n\u0131 kaybetti.<\/strong><\/p>\n\n\n\n<p>Olay, Viran\u015fehir il\u00e7esine ba\u011fl\u0131 k\u0131rsal Yaban Mahallesi\u2019nin Gezdik Mezras\u0131nda ya\u015fand\u0131.<\/p>\n\n\n\n<p>\u0130ddiaya g\u00f6re, 4 ya\u015f\u0131ndaki \u00dc.E. \u0130simli minik \u00e7ocuk, du\u015f almak i\u00e7in girdi\u011fi banyoda belirlenmeyen bir sebepten dolay\u0131 elektrik ak\u0131m\u0131na kap\u0131ld\u0131. Banyodan uzun s\u00fcre \u00e7\u0131kamayan 4 ya\u015f\u0131ndaki \u00dc. E. \u0130simli \u00e7ocuktan haber alamayan yak\u0131nlar\u0131, banyoya girdiklerinde 4 ya\u015f\u0131ndaki \u00dc. E.\u2019yi yerde bayg\u0131n halde buldu.<\/p>\n\n\n\n<p>Daha sonra durumu 112 Acil \u00e7a\u011fr\u0131 merkezine bildirdi. Olay yerine gelen sa\u011fl\u0131k ekipleri, elektrik ak\u0131m\u0131na kap\u0131larak a\u011f\u0131r yaralanan 4 ya\u015f\u0131ndaki \u00dc. E.\u2019ye yap\u0131lan ilk m\u00fcdahalenin ard\u0131ndan Viran\u015fehir Devlet Hastanesine kald\u0131rd\u0131.<\/p>\n\n\n\n<p>Hastanenin acil servisinde tedavi alt\u0131na al\u0131nan \u00dc. E. gece saatlerinde yap\u0131lan t\u00fcm m\u00fcdahalelere ra\u011fmen kurtar\u0131lamayarak hayat\u0131n\u0131 kaybetti. 4 ya\u015f\u0131ndaki \u00dc. E. \u0130simli \u00e7ocu\u011fun cenazesi, Viran\u015fehir Devlet Hastanesi morgunda yap\u0131lan i\u015flemlerinin ard\u0131ndan defnedilmek \u00fczere yak\u0131nlar\u0131na teslim edildi. Cenazenin Viran\u015fehir il\u00e7esi Yaban Mahallesinde defnedilece\u011fi \u00f6\u011frenildi. Jandarma ekipleri olayla ilgili soru\u015fturma ba\u015flatt\u0131.<\/p>\n","protected":false},"excerpt":{"rendered":"<p>\u015eanl\u0131urfa\u2019n\u0131n Viran\u015fehir il\u00e7esinde elektrik ak\u0131m\u0131na kap\u0131larak a\u011f\u0131r yaralanan 4 ya\u015f\u0131ndaki \u00e7ocuk, kald\u0131r\u0131ld\u0131\u011f\u0131 Devlet Hastanesinde hayat\u0131n\u0131 kaybetti.&#46;&#46;&#46;<\/p>\n","protected":false},"author":2,"featured_media":17501,"comment_status":"open","ping_status":"open","sticky":false,"template":"","format":"standard","meta":{"inline_featured_image":false,"footnotes":""},"categories":[75],"tags":[184,131,107],"manset":[],"class_list":["post-17499","post","type-post","status-publish","format-standard","has-post-thumbnail","hentry","category-asayis-haberleri","tag-asayis","tag-son-dakika","tag-ub"],"_links":{"self":[{"href":"https:\/\/www.urfabugun.com\/index.php\/wp-json\/wp\/v2\/posts\/17499","targetHints":{"allow":["GET"]}}],"collection":[{"href":"https:\/\/www.urfabugun.com\/index.php\/wp-json\/wp\/v2\/posts"}],"about":[{"href":"https:\/\/www.urfabugun.com\/index.php\/wp-json\/wp\/v2\/types\/post"}],"author":[{"embeddable":true,"href":"https:\/\/www.urfabugun.com\/index.php\/wp-json\/wp\/v2\/users\/2"}],"replies":[{"embeddable":true,"href":"https:\/\/www.urfabugun.com\/index.php\/wp-json\/wp\/v2\/comments?post=17499"}],"version-history":[{"count":0,"href":"https:\/\/www.urfabugun.com\/index.php\/wp-json\/wp\/v2\/posts\/17499\/revisions"}],"wp:featuredmedia":[{"embeddable":true,"href":"https:\/\/www.urfabugun.com\/index.php\/wp-json\/wp\/v2\/media\/17501"}],"wp:attachment":[{"href":"https:\/\/www.urfabugun.com\/index.php\/wp-json\/wp\/v2\/media?parent=17499"}],"wp:term":[{"taxonomy":"category","embeddable":true,"href":"https:\/\/www.urfabugun.com\/index.php\/wp-json\/wp\/v2\/categories?post=17499"},{"taxonomy":"post_tag","embeddable":true,"href":"https:\/\/www.urfabugun.com\/index.php\/wp-json\/wp\/v2\/tags?post=17499"},{"taxonomy":"manset","embeddable":true,"href":"https:\/\/www.urfabugun.com\/index.php\/wp-json\/wp\/v2\/manset?post=17499"}],"curies":[{"name":"wp","href":"https:\/\/api.w.org\/{rel}","templated":true}]}}