{"id":17529,"date":"2024-11-18T09:33:12","date_gmt":"2024-11-18T06:33:12","guid":{"rendered":"https:\/\/www.urfabugun.com\/?p=17529"},"modified":"2024-11-18T09:33:18","modified_gmt":"2024-11-18T06:33:18","slug":"suructa-otomobil-kopru-insaatina-uctu-4-yarali","status":"publish","type":"post","link":"https:\/\/www.urfabugun.com\/index.php\/2024\/11\/18\/suructa-otomobil-kopru-insaatina-uctu-4-yarali\/","title":{"rendered":"Suru\u00e7\u2019ta Otomobil K\u00f6pr\u00fc \u0130n\u015faat\u0131na U\u00e7tu: 4 Yaral\u0131!"},"content":{"rendered":"\n<p><\/p>\n\n\n\n<p><strong>\u015eanl\u0131urfa\u2019n\u0131n Suru\u00e7 il\u00e7esinde seyir halinde olan otomobil k\u00f6pr\u00fc in\u015faat alan\u0131na d\u00fc\u015ft\u00fc. Meydana gelen trafik kazas\u0131nda 1\u2019i a\u011f\u0131r 4 ki\u015fi yaraland\u0131.<\/strong><\/p>\n\n\n\n<p>Kaza, \u015eanl\u0131urfa\u2019n\u0131n Suru\u00e7 il\u00e7esine ba\u011fl\u0131 Alig\u00f6r \u00e7evre yolu \u00fczerinde meydana geldi.<\/p>\n\n\n\n<p>\u0130ddiaya g\u00f6re, hen\u00fcz s\u00fcr\u00fcc\u00fcs\u00fc ve plakas\u0131 \u00f6\u011frenilemeyen otomobil, s\u00fcr\u00fcc\u00fcs\u00fcn\u00fcn direksiyon hakimiyetini kaybetmesi sonucu \u00e7evreyolu Alig\u00f6r Mahallesi yak\u0131nlar\u0131nda \u00e7al\u0131\u015fmalara ba\u015flanan k\u00f6pr\u00fc in\u015faat\u0131na u\u00e7tu.<\/p>\n\n\n\n<p>Kazada otomobilde bulunan 4 ki\u015fi yaraland\u0131.<\/p>\n\n\n\n<p>Kazan\u0131n ihbar\u0131 \u00fczerine olay yerine itfaiye, polis ve sa\u011fl\u0131k ekibi sevk edildi.<\/p>\n\n\n\n<p>Kaza b\u00f6lgesine gelen itfaiye ekipleri ara\u00e7 i\u00e7erisinde s\u0131k\u0131\u015fan yaral\u0131lar\u0131 sa\u011fl\u0131kl\u0131 bir \u015fekilde kurtararak 112 acil sa\u011fl\u0131k ekiplerine teslim etti.<\/p>\n\n\n\n<p>Yaral\u0131lar ekiplerin olay yerinde yap\u0131lan ilk m\u00fcdahalenin ard\u0131ndan Suru\u00e7 Devlet Hastanesine kald\u0131r\u0131ld\u0131.<\/p>\n\n\n\n<p>Acil serviste tedavi alt\u0131na al\u0131nan yaral\u0131lardan birinin sa\u011fl\u0131k durumunun a\u011f\u0131r oldu\u011fu \u00f6\u011frenildi.<\/p>\n\n\n\n<p>Kazayla ilgili soru\u015fturma ba\u015flat\u0131ld\u0131.<\/p>\n","protected":false},"excerpt":{"rendered":"<p>\u015eanl\u0131urfa\u2019n\u0131n Suru\u00e7 il\u00e7esinde seyir halinde olan otomobil k\u00f6pr\u00fc in\u015faat alan\u0131na d\u00fc\u015ft\u00fc. Meydana gelen trafik kazas\u0131nda 1\u2019i&#46;&#46;&#46;<\/p>\n","protected":false},"author":2,"featured_media":17531,"comment_status":"open","ping_status":"open","sticky":false,"template":"","format":"standard","meta":{"inline_featured_image":false,"footnotes":""},"categories":[75],"tags":[4828,131,107],"manset":[],"class_list":["post-17529","post","type-post","status-publish","format-standard","has-post-thumbnail","hentry","category-asayis-haberleri","tag-kzza","tag-son-dakika","tag-ub"],"_links":{"self":[{"href":"https:\/\/www.urfabugun.com\/index.php\/wp-json\/wp\/v2\/posts\/17529","targetHints":{"allow":["GET"]}}],"collection":[{"href":"https:\/\/www.urfabugun.com\/index.php\/wp-json\/wp\/v2\/posts"}],"about":[{"href":"https:\/\/www.urfabugun.com\/index.php\/wp-json\/wp\/v2\/types\/post"}],"author":[{"embeddable":true,"href":"https:\/\/www.urfabugun.com\/index.php\/wp-json\/wp\/v2\/users\/2"}],"replies":[{"embeddable":true,"href":"https:\/\/www.urfabugun.com\/index.php\/wp-json\/wp\/v2\/comments?post=17529"}],"version-history":[{"count":0,"href":"https:\/\/www.urfabugun.com\/index.php\/wp-json\/wp\/v2\/posts\/17529\/revisions"}],"wp:featuredmedia":[{"embeddable":true,"href":"https:\/\/www.urfabugun.com\/index.php\/wp-json\/wp\/v2\/media\/17531"}],"wp:attachment":[{"href":"https:\/\/www.urfabugun.com\/index.php\/wp-json\/wp\/v2\/media?parent=17529"}],"wp:term":[{"taxonomy":"category","embeddable":true,"href":"https:\/\/www.urfabugun.com\/index.php\/wp-json\/wp\/v2\/categories?post=17529"},{"taxonomy":"post_tag","embeddable":true,"href":"https:\/\/www.urfabugun.com\/index.php\/wp-json\/wp\/v2\/tags?post=17529"},{"taxonomy":"manset","embeddable":true,"href":"https:\/\/www.urfabugun.com\/index.php\/wp-json\/wp\/v2\/manset?post=17529"}],"curies":[{"name":"wp","href":"https:\/\/api.w.org\/{rel}","templated":true}]}}