{"id":1753,"date":"2023-01-16T15:29:27","date_gmt":"2023-01-16T12:29:27","guid":{"rendered":"https:\/\/www.urfabugun.com\/?p=1753"},"modified":"2023-01-16T15:29:35","modified_gmt":"2023-01-16T12:29:35","slug":"sanliurfa-yagmurla-birlikte-camur-deryasina-dondu","status":"publish","type":"post","link":"https:\/\/www.urfabugun.com\/index.php\/2023\/01\/16\/sanliurfa-yagmurla-birlikte-camur-deryasina-dondu\/","title":{"rendered":"\u015eanl\u0131urfa Ya\u011fmurla Birlikte \u00c7amur Deryas\u0131na D\u00f6nd\u00fc!"},"content":{"rendered":"\n<p><\/p>\n\n\n\n<p><strong>Eyyubiye il\u00e7esine ba\u011fl\u0131 Akabe Mahallesinde yap\u0131lan do\u011falgaz \u00e7al\u0131\u015fmas\u0131ndan sonra s\u00f6k\u00fclen parke ta\u015flar\u0131n\u0131n tekrar yap\u0131lmas\u0131n\u0131 isteyen mahalle sakinleri konuyu belediye ye ve C\u0130MER\u2019e bildirmelerine ra\u011fmen bir sonu\u00e7 alamad\u0131lar.<\/strong><\/p>\n\n\n\n<p>Mahallede yap\u0131lan do\u011falgaz \u00e7al\u0131\u015fmas\u0131ndan sonra kaz\u0131lan yollar \u00e7amur deryas\u0131na d\u00f6nd\u00fc.<\/p>\n\n\n\n<p>Yakla\u015f\u0131k iki haftad\u0131r bu \u015fekilde \u00e7amur ile evlerine gitmek zorunda kald\u0131klar\u0131n\u0131 belirten mahalle sakinleri bir\u00e7ok yere m\u00fcracaatta bulunmam\u0131za ra\u011fmen halen bir sonu\u00e7 alamad\u0131k diyerek ya\u015fanan duruma sitem ettiler.<\/p>\n\n\n\n<figure class=\"wp-block-image size-large\"><img loading=\"lazy\" decoding=\"async\" width=\"1024\" height=\"717\" src=\"https:\/\/www.urfabugun.com\/wp-content\/uploads\/2023\/01\/ikik-1024x717.jpg\" alt=\"\" class=\"wp-image-1755\"\/><\/figure>\n\n\n\n<p>Akabe Mahallesinde yap\u0131lan alt yap\u0131 \u00e7al\u0131\u015fmalar\u0131ndan sonra kaz\u0131lan b\u00f6lgelerin tam olarak kapat\u0131lmamas\u0131ndan sonra vatanda\u015f \u00e7amurdan neredeyse ge\u00e7emiyor.<\/p>\n\n\n\n<p>Bu durumdan rahats\u0131z olan vatanda\u015flar en k\u0131sa zamanda yolun d\u00fczeltilmesini temenni ettiklerini s\u00f6ylediler. Mahalle sakinleri Belediyeye \u00e7a\u011fr\u0131da bulundu Akabe Mahallesi sakinleri, yollar\u0131n\u0131n \u00e7amur i\u00e7inde olmas\u0131na tepki g\u00f6sterdi. \u00d6zellikle \u00f6\u011frenci velileri, \u00e7ocuklar\u0131m\u0131z\u0131 \u00e7amur i\u00e7inde okula g\u00f6ndermek istemiyoruz diyerek yollar\u0131n\u0131n d\u00fczeltilmesini istedi.<\/p>\n","protected":false},"excerpt":{"rendered":"<p>Eyyubiye il\u00e7esine ba\u011fl\u0131 Akabe Mahallesinde yap\u0131lan do\u011falgaz \u00e7al\u0131\u015fmas\u0131ndan sonra s\u00f6k\u00fclen parke ta\u015flar\u0131n\u0131n tekrar yap\u0131lmas\u0131n\u0131 isteyen mahalle&#46;&#46;&#46;<\/p>\n","protected":false},"author":2,"featured_media":1755,"comment_status":"open","ping_status":"open","sticky":false,"template":"","format":"standard","meta":{"inline_featured_image":false,"footnotes":""},"categories":[82],"tags":[192,193,118,139,107,130],"manset":[],"class_list":["post-1753","post","type-post","status-publish","format-standard","has-post-thumbnail","hentry","category-gundem-haberleri","tag-camur","tag-cile","tag-sanliurfa","tag-sondakika","tag-ub","tag-urfa"],"_links":{"self":[{"href":"https:\/\/www.urfabugun.com\/index.php\/wp-json\/wp\/v2\/posts\/1753","targetHints":{"allow":["GET"]}}],"collection":[{"href":"https:\/\/www.urfabugun.com\/index.php\/wp-json\/wp\/v2\/posts"}],"about":[{"href":"https:\/\/www.urfabugun.com\/index.php\/wp-json\/wp\/v2\/types\/post"}],"author":[{"embeddable":true,"href":"https:\/\/www.urfabugun.com\/index.php\/wp-json\/wp\/v2\/users\/2"}],"replies":[{"embeddable":true,"href":"https:\/\/www.urfabugun.com\/index.php\/wp-json\/wp\/v2\/comments?post=1753"}],"version-history":[{"count":0,"href":"https:\/\/www.urfabugun.com\/index.php\/wp-json\/wp\/v2\/posts\/1753\/revisions"}],"wp:featuredmedia":[{"embeddable":true,"href":"https:\/\/www.urfabugun.com\/index.php\/wp-json\/wp\/v2\/media\/1755"}],"wp:attachment":[{"href":"https:\/\/www.urfabugun.com\/index.php\/wp-json\/wp\/v2\/media?parent=1753"}],"wp:term":[{"taxonomy":"category","embeddable":true,"href":"https:\/\/www.urfabugun.com\/index.php\/wp-json\/wp\/v2\/categories?post=1753"},{"taxonomy":"post_tag","embeddable":true,"href":"https:\/\/www.urfabugun.com\/index.php\/wp-json\/wp\/v2\/tags?post=1753"},{"taxonomy":"manset","embeddable":true,"href":"https:\/\/www.urfabugun.com\/index.php\/wp-json\/wp\/v2\/manset?post=1753"}],"curies":[{"name":"wp","href":"https:\/\/api.w.org\/{rel}","templated":true}]}}