{"id":17538,"date":"2024-11-18T10:30:52","date_gmt":"2024-11-18T07:30:52","guid":{"rendered":"https:\/\/www.urfabugun.com\/?p=17538"},"modified":"2024-11-18T10:30:59","modified_gmt":"2024-11-18T07:30:59","slug":"sanliurfada-uyusturucudan-hapis-cezasi-bulunan-8-zanli-tutuklandi","status":"publish","type":"post","link":"https:\/\/www.urfabugun.com\/index.php\/2024\/11\/18\/sanliurfada-uyusturucudan-hapis-cezasi-bulunan-8-zanli-tutuklandi\/","title":{"rendered":"\u015eanl\u0131urfa\u2019da Uyu\u015fturucudan Hapis Cezas\u0131 Bulunan 8 Zanl\u0131 Tutukland\u0131!"},"content":{"rendered":"\n<p><\/p>\n\n\n\n<p><strong>\u015eanl\u0131urfa\u2019da uyu\u015fturucu ticareti yapt\u0131\u011f\u0131 gerek\u00e7esiyle kesinle\u015fmi\u015f hapis cezas\u0131 bulunan 8 zanl\u0131 tutukland\u0131.<\/strong><\/p>\n\n\n\n<p>\u015eanl\u0131urfa \u0130l Emniyet M\u00fcd\u00fcrl\u00fc\u011f\u00fc ekipleri, narkotik su\u00e7lardan aranan \u015fah\u0131slar\u0131n yakalanmas\u0131na y\u00f6nelik, \u00e7al\u0131\u015fma ba\u015flatt\u0131.<\/p>\n\n\n\n<p>Narkotik ekiplerce 11-17 Kas\u0131m tarihleri aras\u0131nda ger\u00e7ekle\u015ftirilen operasyonlarda madde ticareti yapmak su\u00e7undan 17 y\u0131l 8 ay 15 g\u00fcn kesinle\u015fmi\u015f hapis cezas\u0131 bulunan 1 \u015fah\u0131s, uyu\u015fturucu veya uyar\u0131c\u0131 madde ekmek yeti\u015ftirmek su\u00e7undan 3 y\u0131l 4 ay kesinle\u015fmi\u015f hapis cezas\u0131 bulunan 1 \u015fah\u0131s, uyu\u015fturucu madde kullanmak veya bulundurmak su\u00e7undan 3 y\u0131ldan 2 y\u0131la kadar kesinle\u015fmi\u015f hapis cezas\u0131 bulunan 6 \u015fah\u0131s olmak \u00fczere toplam 8 firari yakaland\u0131.<\/p>\n\n\n\n<p>Emniyetteki i\u015flemlerinin ard\u0131ndan firari \u015fah\u0131slar, cezaevine teslim edildi.<\/p>\n\n\n\n<p>Ayr\u0131ca ekiplerce uyu\u015fturucu madde ticareti yapmak su\u00e7undan aranan 2 \u015fah\u0131s uyu\u015fturucu madde kullanmak veya bulundurmak su\u00e7undan aranan 18 \u015fah\u0131s olmak \u00fczere toplam 20 \u015fah\u0131s yakalanarak g\u00f6zalt\u0131na al\u0131nd\u0131.<\/p>\n","protected":false},"excerpt":{"rendered":"<p>\u015eanl\u0131urfa\u2019da uyu\u015fturucu ticareti yapt\u0131\u011f\u0131 gerek\u00e7esiyle kesinle\u015fmi\u015f hapis cezas\u0131 bulunan 8 zanl\u0131 tutukland\u0131. \u015eanl\u0131urfa \u0130l Emniyet M\u00fcd\u00fcrl\u00fc\u011f\u00fc&#46;&#46;&#46;<\/p>\n","protected":false},"author":2,"featured_media":16696,"comment_status":"open","ping_status":"open","sticky":false,"template":"","format":"standard","meta":{"inline_featured_image":false,"footnotes":""},"categories":[75],"tags":[131,1667,107],"manset":[],"class_list":["post-17538","post","type-post","status-publish","format-standard","has-post-thumbnail","hentry","category-asayis-haberleri","tag-son-dakika","tag-tutuklama","tag-ub"],"_links":{"self":[{"href":"https:\/\/www.urfabugun.com\/index.php\/wp-json\/wp\/v2\/posts\/17538","targetHints":{"allow":["GET"]}}],"collection":[{"href":"https:\/\/www.urfabugun.com\/index.php\/wp-json\/wp\/v2\/posts"}],"about":[{"href":"https:\/\/www.urfabugun.com\/index.php\/wp-json\/wp\/v2\/types\/post"}],"author":[{"embeddable":true,"href":"https:\/\/www.urfabugun.com\/index.php\/wp-json\/wp\/v2\/users\/2"}],"replies":[{"embeddable":true,"href":"https:\/\/www.urfabugun.com\/index.php\/wp-json\/wp\/v2\/comments?post=17538"}],"version-history":[{"count":0,"href":"https:\/\/www.urfabugun.com\/index.php\/wp-json\/wp\/v2\/posts\/17538\/revisions"}],"wp:featuredmedia":[{"embeddable":true,"href":"https:\/\/www.urfabugun.com\/index.php\/wp-json\/wp\/v2\/media\/16696"}],"wp:attachment":[{"href":"https:\/\/www.urfabugun.com\/index.php\/wp-json\/wp\/v2\/media?parent=17538"}],"wp:term":[{"taxonomy":"category","embeddable":true,"href":"https:\/\/www.urfabugun.com\/index.php\/wp-json\/wp\/v2\/categories?post=17538"},{"taxonomy":"post_tag","embeddable":true,"href":"https:\/\/www.urfabugun.com\/index.php\/wp-json\/wp\/v2\/tags?post=17538"},{"taxonomy":"manset","embeddable":true,"href":"https:\/\/www.urfabugun.com\/index.php\/wp-json\/wp\/v2\/manset?post=17538"}],"curies":[{"name":"wp","href":"https:\/\/api.w.org\/{rel}","templated":true}]}}