{"id":17545,"date":"2024-11-18T12:42:02","date_gmt":"2024-11-18T09:42:02","guid":{"rendered":"https:\/\/www.urfabugun.com\/?p=17545"},"modified":"2024-11-18T12:42:09","modified_gmt":"2024-11-18T09:42:09","slug":"sanliurfa-valiligi-4-ilceyi-uyardi","status":"publish","type":"post","link":"https:\/\/www.urfabugun.com\/index.php\/2024\/11\/18\/sanliurfa-valiligi-4-ilceyi-uyardi\/","title":{"rendered":"\u015eanl\u0131urfa Valili\u011fi 4 \u0130l\u00e7eyi Uyard\u0131!"},"content":{"rendered":"\n<p><\/p>\n\n\n\n<p><strong>\u015eanl\u0131urfa Valili\u011fi, 4 il\u00e7eyi b\u00f6lge genelinde beklenen sa\u011fanak ya\u011f\u0131\u015flar konusunda uyard\u0131.<\/strong><\/p>\n\n\n\n<p>\u015eanl\u0131urfa Valili\u011fi, resmi sosyal medya hesab\u0131 \u00fczerinden yapt\u0131\u011f\u0131 a\u00e7\u0131klamayla il genelinde beklenen sa\u011fanak ya\u011f\u0131\u015flar konusunda vatanda\u015flar\u0131 uyard\u0131.<\/p>\n\n\n\n<p>Konu ile ilgili a\u00e7\u0131klamas\u0131nda \u015eanl\u0131urfa Valili\u011fi \u015fu ifadelere yer verdi: \u201c Bug\u00fcn b\u00f6lge genelinde ya\u015fanacak sa\u011fanak ya\u011f\u0131\u015flar\u0131n ilimizin kuzeyinde ve do\u011fusunda (Halfeti, Bozova, Hilvan ve Siverek) yerel olarak kuvvetli olaca\u011f\u0131 tahmin edilmektedir. Sel, su bask\u0131n\u0131 ve ula\u015f\u0131mda aksama gibi olumsuzluklara kar\u015f\u0131 dikkatli ve tedbirli olunmas\u0131 gerekmektedir. Kamuoyuna sayg\u0131yla duyurulur \u201difadelerini kulland\u0131.<\/p>\n","protected":false},"excerpt":{"rendered":"<p>\u015eanl\u0131urfa Valili\u011fi, 4 il\u00e7eyi b\u00f6lge genelinde beklenen sa\u011fanak ya\u011f\u0131\u015flar konusunda uyard\u0131. \u015eanl\u0131urfa Valili\u011fi, resmi sosyal medya&#46;&#46;&#46;<\/p>\n","protected":false},"author":2,"featured_media":13725,"comment_status":"open","ping_status":"open","sticky":false,"template":"","format":"standard","meta":{"inline_featured_image":false,"footnotes":""},"categories":[92],"tags":[371,868,131,107],"manset":[],"class_list":["post-17545","post","type-post","status-publish","format-standard","has-post-thumbnail","hentry","category-yasam-haberleri","tag-sanliurfa-valiligi-2","tag-sel","tag-son-dakika","tag-ub"],"_links":{"self":[{"href":"https:\/\/www.urfabugun.com\/index.php\/wp-json\/wp\/v2\/posts\/17545","targetHints":{"allow":["GET"]}}],"collection":[{"href":"https:\/\/www.urfabugun.com\/index.php\/wp-json\/wp\/v2\/posts"}],"about":[{"href":"https:\/\/www.urfabugun.com\/index.php\/wp-json\/wp\/v2\/types\/post"}],"author":[{"embeddable":true,"href":"https:\/\/www.urfabugun.com\/index.php\/wp-json\/wp\/v2\/users\/2"}],"replies":[{"embeddable":true,"href":"https:\/\/www.urfabugun.com\/index.php\/wp-json\/wp\/v2\/comments?post=17545"}],"version-history":[{"count":0,"href":"https:\/\/www.urfabugun.com\/index.php\/wp-json\/wp\/v2\/posts\/17545\/revisions"}],"wp:featuredmedia":[{"embeddable":true,"href":"https:\/\/www.urfabugun.com\/index.php\/wp-json\/wp\/v2\/media\/13725"}],"wp:attachment":[{"href":"https:\/\/www.urfabugun.com\/index.php\/wp-json\/wp\/v2\/media?parent=17545"}],"wp:term":[{"taxonomy":"category","embeddable":true,"href":"https:\/\/www.urfabugun.com\/index.php\/wp-json\/wp\/v2\/categories?post=17545"},{"taxonomy":"post_tag","embeddable":true,"href":"https:\/\/www.urfabugun.com\/index.php\/wp-json\/wp\/v2\/tags?post=17545"},{"taxonomy":"manset","embeddable":true,"href":"https:\/\/www.urfabugun.com\/index.php\/wp-json\/wp\/v2\/manset?post=17545"}],"curies":[{"name":"wp","href":"https:\/\/api.w.org\/{rel}","templated":true}]}}