{"id":1757,"date":"2023-01-16T15:44:36","date_gmt":"2023-01-16T12:44:36","guid":{"rendered":"https:\/\/www.urfabugun.com\/?p=1757"},"modified":"2023-01-16T15:44:41","modified_gmt":"2023-01-16T12:44:41","slug":"eyyubiyeden-vatandaslara-ikram","status":"publish","type":"post","link":"https:\/\/www.urfabugun.com\/index.php\/2023\/01\/16\/eyyubiyeden-vatandaslara-ikram\/","title":{"rendered":"Eyy\u00fcbiye\u2019den Vatanda\u015flara \u0130kram!"},"content":{"rendered":"\n<p><\/p>\n\n\n\n<p><strong>Eyy\u00fcbiye Belediyesi taraf\u0131ndan g\u00fcne\u015f hen\u00fcz do\u011fmadan il\u00e7edeki \u00fc\u00e7 ayr\u0131 noktada ba\u015flayan sab\u0131r \u00e7orbas\u0131 ikram\u0131, vatanda\u015flardan b\u00fcy\u00fck ilgi g\u00f6r\u00fcyor. Okula giden \u00f6\u011frenciler, i\u015flerine giden vatanda\u015flar ve ya\u015fl\u0131lar\u0131n b\u00fcy\u00fck be\u011fenisini kazanan sab\u0131r \u00e7orbas\u0131 ikram\u0131 haz\u0131rl\u0131klar\u0131 ise geceden ba\u015fl\u0131yor.<\/strong><\/p>\n\n\n\n<p>Eyy\u00fcbiye Belediyesi Sosyal Yard\u0131m \u0130\u015fleri M\u00fcd\u00fcrl\u00fc\u011f\u00fc taraf\u0131ndan organize edilen ve Eyy\u00fcp Peygamber\u2019e atfen \u201cSab\u0131r \u00c7orbas\u0131\u201d olarak adland\u0131r\u0131lan \u00e7orba ikram\u0131 i\u00e7in haz\u0131rl\u0131klar geceden ba\u015fl\u0131yor.<\/p>\n\n\n\n<figure class=\"wp-block-image size-large\"><img loading=\"lazy\" decoding=\"async\" width=\"1024\" height=\"717\" src=\"https:\/\/www.urfabugun.com\/wp-content\/uploads\/2023\/01\/hhh-1-1024x717.jpg\" alt=\"\" class=\"wp-image-1760\"\/><\/figure>\n\n\n\n<p>Bal\u0131kl\u0131g\u00f6l Devlet Hastanesi \u00f6n\u00fc, Hz. Eyy\u00fcp Peygamber Makam\u0131 ile \u015eanl\u0131urfa E\u011fitim ve Ara\u015ft\u0131rma Hastanesi \u00f6n\u00fcnde sabah ezan\u0131yla birlikte ba\u015flayan \u00e7orba ikram\u0131, belediyeye ait mobil ikram ara\u00e7lar\u0131yla servis yerlerine ula\u015ft\u0131r\u0131l\u0131yor.<\/p>\n\n\n\n<p>Her g\u00fcn binlerce vatanda\u015fa s\u0131cak s\u0131cak ikram edilen sab\u0131r \u00e7orbas\u0131, erken saatlerde okula giden \u00f6\u011frenciler, i\u015flerine giden vatanda\u015flar ve sabah namaz\u0131 i\u00e7in camide bulu\u015fan ya\u015fl\u0131lar\u0131n b\u00fcy\u00fck be\u011fenisini kazan\u0131yor.<\/p>\n","protected":false},"excerpt":{"rendered":"<p>Eyy\u00fcbiye Belediyesi taraf\u0131ndan g\u00fcne\u015f hen\u00fcz do\u011fmadan il\u00e7edeki \u00fc\u00e7 ayr\u0131 noktada ba\u015flayan sab\u0131r \u00e7orbas\u0131 ikram\u0131, vatanda\u015flardan b\u00fcy\u00fck&#46;&#46;&#46;<\/p>\n","protected":false},"author":2,"featured_media":1759,"comment_status":"open","ping_status":"open","sticky":false,"template":"","format":"standard","meta":{"inline_featured_image":false,"footnotes":""},"categories":[82],"tags":[196,194,195,107],"manset":[],"class_list":["post-1757","post","type-post","status-publish","format-standard","has-post-thumbnail","hentry","category-gundem-haberleri","tag-belediye","tag-eyyubiye","tag-ikram","tag-ub"],"_links":{"self":[{"href":"https:\/\/www.urfabugun.com\/index.php\/wp-json\/wp\/v2\/posts\/1757","targetHints":{"allow":["GET"]}}],"collection":[{"href":"https:\/\/www.urfabugun.com\/index.php\/wp-json\/wp\/v2\/posts"}],"about":[{"href":"https:\/\/www.urfabugun.com\/index.php\/wp-json\/wp\/v2\/types\/post"}],"author":[{"embeddable":true,"href":"https:\/\/www.urfabugun.com\/index.php\/wp-json\/wp\/v2\/users\/2"}],"replies":[{"embeddable":true,"href":"https:\/\/www.urfabugun.com\/index.php\/wp-json\/wp\/v2\/comments?post=1757"}],"version-history":[{"count":0,"href":"https:\/\/www.urfabugun.com\/index.php\/wp-json\/wp\/v2\/posts\/1757\/revisions"}],"wp:featuredmedia":[{"embeddable":true,"href":"https:\/\/www.urfabugun.com\/index.php\/wp-json\/wp\/v2\/media\/1759"}],"wp:attachment":[{"href":"https:\/\/www.urfabugun.com\/index.php\/wp-json\/wp\/v2\/media?parent=1757"}],"wp:term":[{"taxonomy":"category","embeddable":true,"href":"https:\/\/www.urfabugun.com\/index.php\/wp-json\/wp\/v2\/categories?post=1757"},{"taxonomy":"post_tag","embeddable":true,"href":"https:\/\/www.urfabugun.com\/index.php\/wp-json\/wp\/v2\/tags?post=1757"},{"taxonomy":"manset","embeddable":true,"href":"https:\/\/www.urfabugun.com\/index.php\/wp-json\/wp\/v2\/manset?post=1757"}],"curies":[{"name":"wp","href":"https:\/\/api.w.org\/{rel}","templated":true}]}}