{"id":17629,"date":"2024-12-09T12:50:51","date_gmt":"2024-12-09T09:50:51","guid":{"rendered":"https:\/\/www.urfabugun.com\/?p=17629"},"modified":"2024-12-09T12:50:58","modified_gmt":"2024-12-09T09:50:58","slug":"askeri-helikopter-dustu-6-askerimiz-sehit-oldu","status":"publish","type":"post","link":"https:\/\/www.urfabugun.com\/index.php\/2024\/12\/09\/askeri-helikopter-dustu-6-askerimiz-sehit-oldu\/","title":{"rendered":"Askeri Helikopter D\u00fc\u015ft\u00fc: 6 Askerimiz \u015eehit Oldu!"},"content":{"rendered":"\n<p><\/p>\n\n\n\n<p><strong>Isparta&#8217;n\u0131n Ke\u00e7iborlu il\u00e7e merkezinde iki helikopterin temas\u0131 sonucu askeri helikopter d\u00fc\u015ft\u00fc. MSB, \u015fehit say\u0131s\u0131n\u0131n 6&#8217;ya y\u00fckseldi\u011fini duyurdu.<\/strong><\/p>\n\n\n\n<p>Isparta\u2019n\u0131n Ke\u00e7iborlu il\u00e7esinde e\u011fitim u\u00e7u\u015fu s\u0131ras\u0131nda iki askeri helikopterin temas\u0131 sonucu bir askeri helikopter d\u00fc\u015ft\u00fc. Di\u011fer askeri helikopterin de g\u00fcvenle indirildi\u011fi a\u00e7\u0131kland\u0131.<\/p>\n\n\n\n<p>Olay yerine ambulans ve itfaiye ekipleri sevk edildi.<\/p>\n\n\n\n<p>Isparta Valisi Abdullah Erin de TRT Haber yay\u0131nda yapt\u0131\u011f\u0131 a\u00e7\u0131klamada, \u0130ki e\u011fitim helikopterinin \u00e7arp\u0131\u015ft\u0131\u011f\u0131n\u0131, birinin g\u00fcvenli ini\u015f yapt\u0131\u011f\u0131n\u0131 aktard\u0131.<\/p>\n\n\n\n<p>Vali Erin, olay yerinde olduklar\u0131n\u0131 ve inceleme \u00e7al\u0131\u015fmalar\u0131n\u0131 s\u00fcrd\u00fcrd\u00fcklerini ifade etti.<\/p>\n\n\n\n<p>Helikopterdeki \u015fehitlerden birinin Isparta Kara Havac\u0131l\u0131k Okul Komutan\u0131 Tu\u011fgeneral \u0130sa Baydilli oldu\u011fu belirtildi.<\/p>\n\n\n\n<p>MSB, Isparta&#8217;da meydana gelen helikopter kazas\u0131nda \u015fehit say\u0131s\u0131n\u0131n 6&#8217;ya y\u00fckseldi\u011fini bildirdi<\/p>\n","protected":false},"excerpt":{"rendered":"<p>Isparta&#8217;n\u0131n Ke\u00e7iborlu il\u00e7e merkezinde iki helikopterin temas\u0131 sonucu askeri helikopter d\u00fc\u015ft\u00fc. MSB, \u015fehit say\u0131s\u0131n\u0131n 6&#8217;ya y\u00fckseldi\u011fini&#46;&#46;&#46;<\/p>\n","protected":false},"author":2,"featured_media":17631,"comment_status":"open","ping_status":"open","sticky":false,"template":"","format":"standard","meta":{"inline_featured_image":false,"footnotes":""},"categories":[82],"tags":[4834,3267,131,107],"manset":[],"class_list":["post-17629","post","type-post","status-publish","format-standard","has-post-thumbnail","hentry","category-gundem-haberleri","tag-isparta","tag-sehit-2","tag-son-dakika","tag-ub"],"_links":{"self":[{"href":"https:\/\/www.urfabugun.com\/index.php\/wp-json\/wp\/v2\/posts\/17629","targetHints":{"allow":["GET"]}}],"collection":[{"href":"https:\/\/www.urfabugun.com\/index.php\/wp-json\/wp\/v2\/posts"}],"about":[{"href":"https:\/\/www.urfabugun.com\/index.php\/wp-json\/wp\/v2\/types\/post"}],"author":[{"embeddable":true,"href":"https:\/\/www.urfabugun.com\/index.php\/wp-json\/wp\/v2\/users\/2"}],"replies":[{"embeddable":true,"href":"https:\/\/www.urfabugun.com\/index.php\/wp-json\/wp\/v2\/comments?post=17629"}],"version-history":[{"count":0,"href":"https:\/\/www.urfabugun.com\/index.php\/wp-json\/wp\/v2\/posts\/17629\/revisions"}],"wp:featuredmedia":[{"embeddable":true,"href":"https:\/\/www.urfabugun.com\/index.php\/wp-json\/wp\/v2\/media\/17631"}],"wp:attachment":[{"href":"https:\/\/www.urfabugun.com\/index.php\/wp-json\/wp\/v2\/media?parent=17629"}],"wp:term":[{"taxonomy":"category","embeddable":true,"href":"https:\/\/www.urfabugun.com\/index.php\/wp-json\/wp\/v2\/categories?post=17629"},{"taxonomy":"post_tag","embeddable":true,"href":"https:\/\/www.urfabugun.com\/index.php\/wp-json\/wp\/v2\/tags?post=17629"},{"taxonomy":"manset","embeddable":true,"href":"https:\/\/www.urfabugun.com\/index.php\/wp-json\/wp\/v2\/manset?post=17629"}],"curies":[{"name":"wp","href":"https:\/\/api.w.org\/{rel}","templated":true}]}}