{"id":17633,"date":"2024-12-09T15:26:11","date_gmt":"2024-12-09T12:26:11","guid":{"rendered":"https:\/\/www.urfabugun.com\/?p=17633"},"modified":"2024-12-09T15:26:19","modified_gmt":"2024-12-09T12:26:19","slug":"sanliurfada-15-yasindaki-ogrenci-canina-kiydi","status":"publish","type":"post","link":"https:\/\/www.urfabugun.com\/index.php\/2024\/12\/09\/sanliurfada-15-yasindaki-ogrenci-canina-kiydi\/","title":{"rendered":"\u015eanl\u0131urfa\u2019da 15 Ya\u015f\u0131ndaki \u00d6\u011frenci Can\u0131na K\u0131yd\u0131!"},"content":{"rendered":"\n<p><\/p>\n\n\n\n<p><strong>\u015eanl\u0131urfa\u2019n\u0131n Karak\u00f6pr\u00fc il\u00e7esinde iddiaya g\u00f6re, 15 ya\u015f\u0131ndaki bir \u00f6\u011frenci, kald\u0131\u011f\u0131 yurdun teras kat\u0131na \u00e7\u0131karak hayat\u0131na son verdi.<\/strong><\/p>\n\n\n\n<p>Olay, Karak\u00f6pr\u00fc il\u00e7esi Bat\u0131kent Mahallesi\u2019nde bulunan Anadolu \u0130mam Hatip Lisesi yurdunda meydana geldi.<\/p>\n\n\n\n<p>\u0130ddiaya g\u00f6re, yurda kalan 15 ya\u015f\u0131ndaki \u0130. T. adl\u0131 bir \u00f6\u011frenci hen\u00fcz bilinmeyen bir nedenle yurdun teras kat\u0131na \u00e7\u0131karak a\u015fa\u011f\u0131ya atlayarak ya\u015fam\u0131na son verdi.<\/p>\n\n\n\n<p>\u0130hbar \u00fczerine olay yerinde sa\u011fl\u0131k ve polis ekibi sevk edildi.<\/p>\n\n\n\n<p>Olay yerine gelen ekipleri yapt\u0131klar\u0131 incelemede \u00f6\u011frencinin hayat\u0131n\u0131 kaybetti\u011fini belirledi.<\/p>\n\n\n\n<p>\u0130.T.\u2019nin cesedi adli t\u0131p kurumu morguna kald\u0131r\u0131l\u0131rken, olayla ilgili soru\u015fturma ba\u015flat\u0131ld\u0131.<\/p>\n","protected":false},"excerpt":{"rendered":"<p>\u015eanl\u0131urfa\u2019n\u0131n Karak\u00f6pr\u00fc il\u00e7esinde iddiaya g\u00f6re, 15 ya\u015f\u0131ndaki bir \u00f6\u011frenci, kald\u0131\u011f\u0131 yurdun teras kat\u0131na \u00e7\u0131karak hayat\u0131na son&#46;&#46;&#46;<\/p>\n","protected":false},"author":2,"featured_media":16467,"comment_status":"open","ping_status":"open","sticky":false,"template":"","format":"standard","meta":{"inline_featured_image":false,"footnotes":""},"categories":[82,75],"tags":[184,131,107],"manset":[],"class_list":["post-17633","post","type-post","status-publish","format-standard","has-post-thumbnail","hentry","category-gundem-haberleri","category-asayis-haberleri","tag-asayis","tag-son-dakika","tag-ub"],"_links":{"self":[{"href":"https:\/\/www.urfabugun.com\/index.php\/wp-json\/wp\/v2\/posts\/17633","targetHints":{"allow":["GET"]}}],"collection":[{"href":"https:\/\/www.urfabugun.com\/index.php\/wp-json\/wp\/v2\/posts"}],"about":[{"href":"https:\/\/www.urfabugun.com\/index.php\/wp-json\/wp\/v2\/types\/post"}],"author":[{"embeddable":true,"href":"https:\/\/www.urfabugun.com\/index.php\/wp-json\/wp\/v2\/users\/2"}],"replies":[{"embeddable":true,"href":"https:\/\/www.urfabugun.com\/index.php\/wp-json\/wp\/v2\/comments?post=17633"}],"version-history":[{"count":0,"href":"https:\/\/www.urfabugun.com\/index.php\/wp-json\/wp\/v2\/posts\/17633\/revisions"}],"wp:featuredmedia":[{"embeddable":true,"href":"https:\/\/www.urfabugun.com\/index.php\/wp-json\/wp\/v2\/media\/16467"}],"wp:attachment":[{"href":"https:\/\/www.urfabugun.com\/index.php\/wp-json\/wp\/v2\/media?parent=17633"}],"wp:term":[{"taxonomy":"category","embeddable":true,"href":"https:\/\/www.urfabugun.com\/index.php\/wp-json\/wp\/v2\/categories?post=17633"},{"taxonomy":"post_tag","embeddable":true,"href":"https:\/\/www.urfabugun.com\/index.php\/wp-json\/wp\/v2\/tags?post=17633"},{"taxonomy":"manset","embeddable":true,"href":"https:\/\/www.urfabugun.com\/index.php\/wp-json\/wp\/v2\/manset?post=17633"}],"curies":[{"name":"wp","href":"https:\/\/api.w.org\/{rel}","templated":true}]}}