{"id":17653,"date":"2024-12-17T21:11:18","date_gmt":"2024-12-17T18:11:18","guid":{"rendered":"https:\/\/www.urfabugun.com\/?p=17653"},"modified":"2024-12-17T21:11:25","modified_gmt":"2024-12-17T18:11:25","slug":"balikayagi-kavsagi-gecici-bir-sureligine-arac-trafigine-kapali","status":"publish","type":"post","link":"https:\/\/www.urfabugun.com\/index.php\/2024\/12\/17\/balikayagi-kavsagi-gecici-bir-sureligine-arac-trafigine-kapali\/","title":{"rendered":"Bal\u0131kaya\u011f\u0131 Kav\u015fa\u011f\u0131 Ge\u00e7ici Bir S\u00fcreli\u011fine Ara\u00e7 Trafi\u011fine Kapal\u0131!"},"content":{"rendered":"\n<p><\/p>\n\n\n\n<p><strong>\u015eanl\u0131urfa B\u00fcy\u00fck\u015fehir Belediyesi, Bal\u0131kaya\u011f\u0131 Katl\u0131 Kav\u015fa\u011f\u0131&#8217;n\u0131n ge\u00e7ici bir s\u00fcreli\u011fine ara\u00e7 trafi\u011fine kapat\u0131laca\u011f\u0131n\u0131 duyurdu.<\/strong><\/p>\n\n\n\n<p>\u015eanl\u0131urfa B\u00fcy\u00fck\u015fehir Belediyesi, Karak\u00f6pr\u00fc il\u00e7esinde bulunan Bal\u0131kaya\u011f\u0131 Katl\u0131 Kav\u015fa\u011f\u0131&#8217;nda Karayollar\u0131 Genel M\u00fcd\u00fcrl\u00fc\u011f\u00fc taraf\u0131ndan ger\u00e7ekle\u015ftirilecek \u00e7al\u0131\u015fmalar nedeniyle dal-ge\u00e7 ve yan yol b\u00f6l\u00fcmlerinin ara\u00e7 trafi\u011fine kapat\u0131laca\u011f\u0131n\u0131 duyurdu.<br>Belediyenin resmi sosyal medya hesab\u0131 \u00fczerinden yap\u0131lan a\u00e7\u0131klamada, &#8220;Karayollar\u0131 Genel M\u00fcd\u00fcrl\u00fc\u011f\u00fc taraf\u0131ndan, Balkaya\u011f\u0131 Katl\u0131 Kav\u015fa\u011f\u0131nda yap\u0131lacak \u00e7al\u0131\u015fmalardan dolay\u0131 dal-ge\u00e7 ve yan yol k\u0131s\u0131mlar\u0131 ge\u00e7ici bir s\u00fcre ara\u00e7 trafi\u011fine kapat\u0131lacakt\u0131r. Trafik i\u015f ve i\u015faret\u00e7ilerine uyulmas\u0131 \u00f6nemle rica olunur.&#8221; ifadelerine yer verildi.<\/p>\n","protected":false},"excerpt":{"rendered":"<p>\u015eanl\u0131urfa B\u00fcy\u00fck\u015fehir Belediyesi, Bal\u0131kaya\u011f\u0131 Katl\u0131 Kav\u015fa\u011f\u0131&#8217;n\u0131n ge\u00e7ici bir s\u00fcreli\u011fine ara\u00e7 trafi\u011fine kapat\u0131laca\u011f\u0131n\u0131 duyurdu. \u015eanl\u0131urfa B\u00fcy\u00fck\u015fehir Belediyesi,&#46;&#46;&#46;<\/p>\n","protected":false},"author":2,"featured_media":17655,"comment_status":"open","ping_status":"open","sticky":false,"template":"","format":"standard","meta":{"inline_featured_image":false,"footnotes":""},"categories":[82],"tags":[131,107,93],"manset":[],"class_list":["post-17653","post","type-post","status-publish","format-standard","has-post-thumbnail","hentry","category-gundem-haberleri","tag-son-dakika","tag-ub","tag-ust"],"_links":{"self":[{"href":"https:\/\/www.urfabugun.com\/index.php\/wp-json\/wp\/v2\/posts\/17653","targetHints":{"allow":["GET"]}}],"collection":[{"href":"https:\/\/www.urfabugun.com\/index.php\/wp-json\/wp\/v2\/posts"}],"about":[{"href":"https:\/\/www.urfabugun.com\/index.php\/wp-json\/wp\/v2\/types\/post"}],"author":[{"embeddable":true,"href":"https:\/\/www.urfabugun.com\/index.php\/wp-json\/wp\/v2\/users\/2"}],"replies":[{"embeddable":true,"href":"https:\/\/www.urfabugun.com\/index.php\/wp-json\/wp\/v2\/comments?post=17653"}],"version-history":[{"count":0,"href":"https:\/\/www.urfabugun.com\/index.php\/wp-json\/wp\/v2\/posts\/17653\/revisions"}],"wp:featuredmedia":[{"embeddable":true,"href":"https:\/\/www.urfabugun.com\/index.php\/wp-json\/wp\/v2\/media\/17655"}],"wp:attachment":[{"href":"https:\/\/www.urfabugun.com\/index.php\/wp-json\/wp\/v2\/media?parent=17653"}],"wp:term":[{"taxonomy":"category","embeddable":true,"href":"https:\/\/www.urfabugun.com\/index.php\/wp-json\/wp\/v2\/categories?post=17653"},{"taxonomy":"post_tag","embeddable":true,"href":"https:\/\/www.urfabugun.com\/index.php\/wp-json\/wp\/v2\/tags?post=17653"},{"taxonomy":"manset","embeddable":true,"href":"https:\/\/www.urfabugun.com\/index.php\/wp-json\/wp\/v2\/manset?post=17653"}],"curies":[{"name":"wp","href":"https:\/\/api.w.org\/{rel}","templated":true}]}}