{"id":17657,"date":"2024-12-17T22:49:53","date_gmt":"2024-12-17T19:49:53","guid":{"rendered":"https:\/\/www.urfabugun.com\/?p=17657"},"modified":"2024-12-17T22:50:02","modified_gmt":"2024-12-17T19:50:02","slug":"sanliurfada-otomobil-ile-motosiklet-carpisti-1-yarali","status":"publish","type":"post","link":"https:\/\/www.urfabugun.com\/index.php\/2024\/12\/17\/sanliurfada-otomobil-ile-motosiklet-carpisti-1-yarali\/","title":{"rendered":"\u015eanl\u0131urfa\u2019da Otomobil ile Motosiklet \u00c7arp\u0131\u015ft\u0131, 1 Yaral\u0131!"},"content":{"rendered":"\n<p><\/p>\n\n\n\n<p><strong>\u015eanl\u0131urfa\u2019n\u0131n Haliliye il\u00e7esinde motosiklet otomobile arkadan \u00e7arpt\u0131. Kazada s\u00fcr\u00fcc\u00fc a\u011f\u0131r yaraland\u0131.<\/strong><\/p>\n\n\n\n<p>Kaza, Haliliye il\u00e7esine ba\u011fl\u0131 \u0130pekyolu k\u00f6pr\u00fcl\u00fc kav\u015fa\u011f\u0131 alt ge\u00e7idinde meydana geldi<\/p>\n\n\n\n<p>\u0130ddiaya g\u00f6re, hen\u00fcz s\u00fcr\u00fcc\u00fcn\u00fcn ismi ve plakas\u0131 \u00f6\u011frenilemeyen motosiklet ayn\u0131 y\u00f6nde ilerleyen otomobile arkadan \u00e7arpt\u0131.<br>Kazada motosiklet s\u00fcr\u00fcc\u00fcs\u00fc yola savrularak a\u011f\u0131r yaraland\u0131. \u0130hbar \u00fczerine kaza yerine sa\u011fl\u0131k ve polis ekipleri sevk edildi<br>Yaral\u0131 s\u00fcr\u00fcc\u00fc olay yerinde yap\u0131lan ilk m\u00fcdahalenin ard\u0131ndan ambulansla Bal\u0131kl\u0131g\u00f6l Devlet Hastanesi&#8217;ne kald\u0131r\u0131ld\u0131.<br>Kazayla ilgili soru\u015fturma ba\u015flat\u0131ld\u0131.<\/p>\n","protected":false},"excerpt":{"rendered":"<p>\u015eanl\u0131urfa\u2019n\u0131n Haliliye il\u00e7esinde motosiklet otomobile arkadan \u00e7arpt\u0131. Kazada s\u00fcr\u00fcc\u00fc a\u011f\u0131r yaraland\u0131. Kaza, Haliliye il\u00e7esine ba\u011fl\u0131 \u0130pekyolu&#46;&#46;&#46;<\/p>\n","protected":false},"author":2,"featured_media":17659,"comment_status":"open","ping_status":"open","sticky":false,"template":"","format":"standard","meta":{"inline_featured_image":false,"footnotes":""},"categories":[75],"tags":[184,131,107],"manset":[],"class_list":["post-17657","post","type-post","status-publish","format-standard","has-post-thumbnail","hentry","category-asayis-haberleri","tag-asayis","tag-son-dakika","tag-ub"],"_links":{"self":[{"href":"https:\/\/www.urfabugun.com\/index.php\/wp-json\/wp\/v2\/posts\/17657","targetHints":{"allow":["GET"]}}],"collection":[{"href":"https:\/\/www.urfabugun.com\/index.php\/wp-json\/wp\/v2\/posts"}],"about":[{"href":"https:\/\/www.urfabugun.com\/index.php\/wp-json\/wp\/v2\/types\/post"}],"author":[{"embeddable":true,"href":"https:\/\/www.urfabugun.com\/index.php\/wp-json\/wp\/v2\/users\/2"}],"replies":[{"embeddable":true,"href":"https:\/\/www.urfabugun.com\/index.php\/wp-json\/wp\/v2\/comments?post=17657"}],"version-history":[{"count":0,"href":"https:\/\/www.urfabugun.com\/index.php\/wp-json\/wp\/v2\/posts\/17657\/revisions"}],"wp:featuredmedia":[{"embeddable":true,"href":"https:\/\/www.urfabugun.com\/index.php\/wp-json\/wp\/v2\/media\/17659"}],"wp:attachment":[{"href":"https:\/\/www.urfabugun.com\/index.php\/wp-json\/wp\/v2\/media?parent=17657"}],"wp:term":[{"taxonomy":"category","embeddable":true,"href":"https:\/\/www.urfabugun.com\/index.php\/wp-json\/wp\/v2\/categories?post=17657"},{"taxonomy":"post_tag","embeddable":true,"href":"https:\/\/www.urfabugun.com\/index.php\/wp-json\/wp\/v2\/tags?post=17657"},{"taxonomy":"manset","embeddable":true,"href":"https:\/\/www.urfabugun.com\/index.php\/wp-json\/wp\/v2\/manset?post=17657"}],"curies":[{"name":"wp","href":"https:\/\/api.w.org\/{rel}","templated":true}]}}