{"id":17693,"date":"2024-12-30T15:25:36","date_gmt":"2024-12-30T12:25:36","guid":{"rendered":"https:\/\/www.urfabugun.com\/?p=17693"},"modified":"2024-12-30T15:25:44","modified_gmt":"2024-12-30T12:25:44","slug":"sanliurfada-cop-aracinin-altinda-kalan-cocuk-hayatini-kaybetti","status":"publish","type":"post","link":"https:\/\/www.urfabugun.com\/index.php\/2024\/12\/30\/sanliurfada-cop-aracinin-altinda-kalan-cocuk-hayatini-kaybetti\/","title":{"rendered":"\u015eanl\u0131urfa\u2019da \u00c7\u00f6p Arac\u0131n\u0131n Alt\u0131nda Kalan \u00c7ocuk Hayat\u0131n\u0131 Kaybetti!"},"content":{"rendered":"\n<p><\/p>\n\n\n\n<p><strong>\u015eanl\u0131urfa&#8217;n\u0131n Eyy\u00fcbiye il\u00e7esinde \u00e7\u00f6p arac\u0131n alt\u0131nda kalan 7 ya\u015f\u0131ndaki \u00e7ocuk hayat\u0131n\u0131 kaybetti.<\/strong><\/p>\n\n\n\n<p>Olay, Eyy\u00fcbiye il\u00e7esine ba\u011fl\u0131 Eyy\u00fcpkent Mahallesi&#8217;nde meydana geldi.<\/p>\n\n\n\n<p>\u0130ddiaya g\u00f6re, yabanc\u0131 uyruklu 7 ya\u015flar\u0131ndaki \u00e7ocuk, \u00e7\u00f6p arac\u0131n\u0131n hareket etti\u011fi s\u0131rada arac FC\u0131n alt\u0131nda kald\u0131.<\/p>\n\n\n\n<p>Arac\u0131n alt\u0131nda kalan \u00e7ocuk a\u011f\u0131r yaraland\u0131.<br>Sokakta vatanda\u015flar\u0131n ihbar\u0131 \u00fczerine olay yerine sa\u011fl\u0131k ekipleri sevk edildi.<\/p>\n\n\n\n<p>A\u011f\u0131r yaralanan \u00e7ocu\u011fu \u015eanl\u0131urfa E\u011fitim ve Ara\u015ft\u0131rma Hastanesi&#8217;ne kald\u0131rd\u0131. K\u00fc\u00e7\u00fck \u00e7ocuk Doktorlar taraf\u0131ndan yap\u0131lan t\u00fcm m\u00fcdahalelere ra\u011fmen, kurtar\u0131lamayarak hayat\u0131n\u0131 kaybetti.<\/p>\n\n\n\n<p>Kazayla ilgili soru\u015fturma ba\u015flat\u0131ld\u0131.<\/p>\n","protected":false},"excerpt":{"rendered":"<p>\u015eanl\u0131urfa&#8217;n\u0131n Eyy\u00fcbiye il\u00e7esinde \u00e7\u00f6p arac\u0131n alt\u0131nda kalan 7 ya\u015f\u0131ndaki \u00e7ocuk hayat\u0131n\u0131 kaybetti. Olay, Eyy\u00fcbiye il\u00e7esine ba\u011fl\u0131&#46;&#46;&#46;<\/p>\n","protected":false},"author":2,"featured_media":15475,"comment_status":"open","ping_status":"open","sticky":false,"template":"","format":"standard","meta":{"inline_featured_image":false,"footnotes":""},"categories":[75],"tags":[184,131,107],"manset":[],"class_list":["post-17693","post","type-post","status-publish","format-standard","has-post-thumbnail","hentry","category-asayis-haberleri","tag-asayis","tag-son-dakika","tag-ub"],"_links":{"self":[{"href":"https:\/\/www.urfabugun.com\/index.php\/wp-json\/wp\/v2\/posts\/17693","targetHints":{"allow":["GET"]}}],"collection":[{"href":"https:\/\/www.urfabugun.com\/index.php\/wp-json\/wp\/v2\/posts"}],"about":[{"href":"https:\/\/www.urfabugun.com\/index.php\/wp-json\/wp\/v2\/types\/post"}],"author":[{"embeddable":true,"href":"https:\/\/www.urfabugun.com\/index.php\/wp-json\/wp\/v2\/users\/2"}],"replies":[{"embeddable":true,"href":"https:\/\/www.urfabugun.com\/index.php\/wp-json\/wp\/v2\/comments?post=17693"}],"version-history":[{"count":0,"href":"https:\/\/www.urfabugun.com\/index.php\/wp-json\/wp\/v2\/posts\/17693\/revisions"}],"wp:featuredmedia":[{"embeddable":true,"href":"https:\/\/www.urfabugun.com\/index.php\/wp-json\/wp\/v2\/media\/15475"}],"wp:attachment":[{"href":"https:\/\/www.urfabugun.com\/index.php\/wp-json\/wp\/v2\/media?parent=17693"}],"wp:term":[{"taxonomy":"category","embeddable":true,"href":"https:\/\/www.urfabugun.com\/index.php\/wp-json\/wp\/v2\/categories?post=17693"},{"taxonomy":"post_tag","embeddable":true,"href":"https:\/\/www.urfabugun.com\/index.php\/wp-json\/wp\/v2\/tags?post=17693"},{"taxonomy":"manset","embeddable":true,"href":"https:\/\/www.urfabugun.com\/index.php\/wp-json\/wp\/v2\/manset?post=17693"}],"curies":[{"name":"wp","href":"https:\/\/api.w.org\/{rel}","templated":true}]}}