{"id":17711,"date":"2025-01-14T13:22:20","date_gmt":"2025-01-14T10:22:20","guid":{"rendered":"https:\/\/www.urfabugun.com\/?p=17711"},"modified":"2025-01-14T13:22:27","modified_gmt":"2025-01-14T10:22:27","slug":"sanliurfada-zincirleme-trafik-kazasi-3-yarali","status":"publish","type":"post","link":"https:\/\/www.urfabugun.com\/index.php\/2025\/01\/14\/sanliurfada-zincirleme-trafik-kazasi-3-yarali\/","title":{"rendered":"\u015eanl\u0131urfa\u2019da Zincirleme Trafik Kazas\u0131: 3 Yaral\u0131!"},"content":{"rendered":"\n<p><\/p>\n\n\n\n<p><strong>\u015eanl\u0131urfa\u2019n\u0131n Haliliye il\u00e7esinde zincirleme trafik kazas\u0131 meydana geldi. Meydana gelen kazada 3 ki\u015fi hafif yaraland\u0131.<\/strong><\/p>\n\n\n\n<p>Kaza, \u015eanl\u0131urfa- Viran\u015fehir karayolu Kar\u015f\u0131yaka Mahallesi\u2019nde meydana geldi.<\/p>\n\n\n\n<p>\u0130ddiaya g\u00f6re, Cumhuriyet tesisleri kav\u015fa\u011f\u0131nda hen\u00fcz s\u00fcr\u00fcc\u00fclerin ismi \u00f6\u011frenilmeyen 3 arac\u0131n kar\u0131\u015ft\u0131\u011f\u0131 zincirleme trafik kazas\u0131 meydana geldi.<\/p>\n\n\n\n<p>Meydana gelen kazada 3 ki\u015fi hafif yaraland\u0131<\/p>\n\n\n\n<p>\u0130hbar \u00fczerine olay yerine sa\u011fl\u0131k ve polis ekipleri sevk edildi.<\/p>\n\n\n\n<p>Yaral\u0131lar olay yerinde yap\u0131lan ilk m\u00fcdahalenin ard\u0131ndan ambulans ile Mehmet Akif \u0130nan e\u011fitim ve ara\u015ft\u0131rma hastanesine kald\u0131r\u0131ld\u0131.<\/p>\n\n\n\n<p>Kazayla ilgili soru\u015fturma ba\u015flat\u0131ld\u0131.<\/p>\n","protected":false},"excerpt":{"rendered":"<p>\u015eanl\u0131urfa\u2019n\u0131n Haliliye il\u00e7esinde zincirleme trafik kazas\u0131 meydana geldi. Meydana gelen kazada 3 ki\u015fi hafif yaraland\u0131. Kaza,&#46;&#46;&#46;<\/p>\n","protected":false},"author":2,"featured_media":17713,"comment_status":"open","ping_status":"open","sticky":false,"template":"","format":"standard","meta":{"inline_featured_image":false,"footnotes":""},"categories":[75],"tags":[131,107],"manset":[],"class_list":["post-17711","post","type-post","status-publish","format-standard","has-post-thumbnail","hentry","category-asayis-haberleri","tag-son-dakika","tag-ub"],"_links":{"self":[{"href":"https:\/\/www.urfabugun.com\/index.php\/wp-json\/wp\/v2\/posts\/17711","targetHints":{"allow":["GET"]}}],"collection":[{"href":"https:\/\/www.urfabugun.com\/index.php\/wp-json\/wp\/v2\/posts"}],"about":[{"href":"https:\/\/www.urfabugun.com\/index.php\/wp-json\/wp\/v2\/types\/post"}],"author":[{"embeddable":true,"href":"https:\/\/www.urfabugun.com\/index.php\/wp-json\/wp\/v2\/users\/2"}],"replies":[{"embeddable":true,"href":"https:\/\/www.urfabugun.com\/index.php\/wp-json\/wp\/v2\/comments?post=17711"}],"version-history":[{"count":0,"href":"https:\/\/www.urfabugun.com\/index.php\/wp-json\/wp\/v2\/posts\/17711\/revisions"}],"wp:featuredmedia":[{"embeddable":true,"href":"https:\/\/www.urfabugun.com\/index.php\/wp-json\/wp\/v2\/media\/17713"}],"wp:attachment":[{"href":"https:\/\/www.urfabugun.com\/index.php\/wp-json\/wp\/v2\/media?parent=17711"}],"wp:term":[{"taxonomy":"category","embeddable":true,"href":"https:\/\/www.urfabugun.com\/index.php\/wp-json\/wp\/v2\/categories?post=17711"},{"taxonomy":"post_tag","embeddable":true,"href":"https:\/\/www.urfabugun.com\/index.php\/wp-json\/wp\/v2\/tags?post=17711"},{"taxonomy":"manset","embeddable":true,"href":"https:\/\/www.urfabugun.com\/index.php\/wp-json\/wp\/v2\/manset?post=17711"}],"curies":[{"name":"wp","href":"https:\/\/api.w.org\/{rel}","templated":true}]}}