{"id":17783,"date":"2025-02-14T17:34:08","date_gmt":"2025-02-14T14:34:08","guid":{"rendered":"https:\/\/www.urfabugun.com\/?p=17783"},"modified":"2025-02-14T17:34:56","modified_gmt":"2025-02-14T14:34:56","slug":"eyyubiye-millet-bahcesinde-bakim-devam-ediyor","status":"publish","type":"post","link":"https:\/\/www.urfabugun.com\/index.php\/2025\/02\/14\/eyyubiye-millet-bahcesinde-bakim-devam-ediyor\/","title":{"rendered":"Eyy\u00fcbiye Millet Bah\u00e7esi\u2019nde Bak\u0131m Devam Ediyor!"},"content":{"rendered":"\n<p><\/p>\n\n\n\n<p>Hizmete sunuldu\u011fu g\u00fcnden bu yana Eyy\u00fcbiyeliler ba\u015fta olmak \u00fczere t\u00fcm \u015eanl\u0131urfal\u0131lar\u0131n ak\u0131n etti\u011fi Eyy\u00fcbiye Millet Bah\u00e7esi\u2019ndeki bak\u0131m onar\u0131m \u00e7al\u0131\u015fmalar\u0131n\u0131n kapsam\u0131 geni\u015fletildi. Y\u00fcr\u00fcy\u00fc\u015f yollar\u0131ndan banklar\u0131na kadar yenilenmeye ba\u015flayan Millet Bah\u00e7esi\u2019nin, Ramazan Bayram\u0131 ile birlikte yeniden hizmete sunulmas\u0131 planlan\u0131yor.<\/p>\n\n\n\n<p>Eyy\u00fcbiye Belediye Ba\u015fkan\u0131 Mehmet Ku\u015f\u2019un \u015eanl\u0131urfa\u2019ya kazand\u0131rd\u0131\u011f\u0131, 180 dekarl\u0131k alan\u0131yla b\u00f6lgenin en b\u00fcy\u00fck ve T\u00fcrkiye\u2019nin en donan\u0131ml\u0131 Millet Bah\u00e7eleri aras\u0131nda say\u0131lan Eyy\u00fcbiye Millet Bah\u00e7esi\u2019nde Aral\u0131k ay\u0131nda ba\u015flayan bitkisel peyzaj d\u00fczenlemeleri tamamlan\u0131rken, yo\u011fun kullan\u0131m sonucu y\u0131pranan ve onar\u0131m ihtiyac\u0131 bulunan y\u00fcr\u00fcy\u00fc\u015f yollar\u0131, kamelya ve banklar ile piknik alanlar\u0131nda yenileme \u00e7al\u0131\u015fmalar\u0131 devam ediyor.<\/p>\n\n\n\n<figure class=\"wp-block-image size-large\"><img loading=\"lazy\" decoding=\"async\" width=\"1024\" height=\"577\" src=\"https:\/\/www.urfabugun.com\/wp-content\/uploads\/2025\/02\/IMG_6034-1024x577.jpeg\" alt=\"\" class=\"wp-image-17785\"\/><\/figure>\n\n\n\n<p>Eyy\u00fcbiye Belediyesi \u00c7evre Koruma ve Kontrol M\u00fcd\u00fcrl\u00fc\u011f\u00fc idaresinde devam eden \u00e7al\u0131\u015fmalarda, halk\u0131n kullan\u0131m taleplerine g\u00f6re yeni d\u00fczenlemeler de yap\u0131l\u0131yor. Ye\u015fil alanlar\u0131, yap\u0131sal peyzaj\u0131, y\u00fcr\u00fcy\u00fc\u015f yollar\u0131, spor alanlar\u0131 ve yo\u011fun kullan\u0131ma maruz kalan alanlarda devam eden \u00e7al\u0131\u015fmalar tamamlan\u0131nca, Eyy\u00fcbiye Millet Bah\u00e7esi t\u00fcm donat\u0131lar\u0131yla yeniden hizmete sunulacak.<\/p>\n\n\n\n<p>\u0130\u00e7erisinde spor sahalar\u0131, aletli jimnastik alan\u0131, bisiklet yolu, piknik ve mesire alanlar\u0131, mescit, a\u00e7\u0131k hava sahnesi, toplant\u0131 salonu, kafeterya, \u00e7ocuk oyun alanlar\u0131, s\u00fcs havuzlar\u0131, kuru havuz gibi detaylar yer alan Eyy\u00fcbiye Millet Bah\u00e7esi, yaz aylar\u0131nda yapay g\u00f6letiyle de ziyaret\u00e7ilere g\u00f6rsel \u015f\u00f6len sunacak.<\/p>\n","protected":false},"excerpt":{"rendered":"<p>Hizmete sunuldu\u011fu g\u00fcnden bu yana Eyy\u00fcbiyeliler ba\u015fta olmak \u00fczere t\u00fcm \u015eanl\u0131urfal\u0131lar\u0131n ak\u0131n etti\u011fi Eyy\u00fcbiye Millet Bah\u00e7esi\u2019ndeki&#46;&#46;&#46;<\/p>\n","protected":false},"author":2,"featured_media":17786,"comment_status":"open","ping_status":"open","sticky":false,"template":"","format":"standard","meta":{"inline_featured_image":false,"footnotes":""},"categories":[82],"tags":[809,131,107,93],"manset":[],"class_list":["post-17783","post","type-post","status-publish","format-standard","has-post-thumbnail","hentry","category-gundem-haberleri","tag-eyyubiye-belediyesi","tag-son-dakika","tag-ub","tag-ust"],"_links":{"self":[{"href":"https:\/\/www.urfabugun.com\/index.php\/wp-json\/wp\/v2\/posts\/17783","targetHints":{"allow":["GET"]}}],"collection":[{"href":"https:\/\/www.urfabugun.com\/index.php\/wp-json\/wp\/v2\/posts"}],"about":[{"href":"https:\/\/www.urfabugun.com\/index.php\/wp-json\/wp\/v2\/types\/post"}],"author":[{"embeddable":true,"href":"https:\/\/www.urfabugun.com\/index.php\/wp-json\/wp\/v2\/users\/2"}],"replies":[{"embeddable":true,"href":"https:\/\/www.urfabugun.com\/index.php\/wp-json\/wp\/v2\/comments?post=17783"}],"version-history":[{"count":0,"href":"https:\/\/www.urfabugun.com\/index.php\/wp-json\/wp\/v2\/posts\/17783\/revisions"}],"wp:featuredmedia":[{"embeddable":true,"href":"https:\/\/www.urfabugun.com\/index.php\/wp-json\/wp\/v2\/media\/17786"}],"wp:attachment":[{"href":"https:\/\/www.urfabugun.com\/index.php\/wp-json\/wp\/v2\/media?parent=17783"}],"wp:term":[{"taxonomy":"category","embeddable":true,"href":"https:\/\/www.urfabugun.com\/index.php\/wp-json\/wp\/v2\/categories?post=17783"},{"taxonomy":"post_tag","embeddable":true,"href":"https:\/\/www.urfabugun.com\/index.php\/wp-json\/wp\/v2\/tags?post=17783"},{"taxonomy":"manset","embeddable":true,"href":"https:\/\/www.urfabugun.com\/index.php\/wp-json\/wp\/v2\/manset?post=17783"}],"curies":[{"name":"wp","href":"https:\/\/api.w.org\/{rel}","templated":true}]}}