{"id":17789,"date":"2025-02-16T22:53:43","date_gmt":"2025-02-16T19:53:43","guid":{"rendered":"https:\/\/www.urfabugun.com\/?p=17789"},"modified":"2025-02-16T22:53:52","modified_gmt":"2025-02-16T19:53:52","slug":"sanliurfada-asansor-kazasi-6-yarali","status":"publish","type":"post","link":"https:\/\/www.urfabugun.com\/index.php\/2025\/02\/16\/sanliurfada-asansor-kazasi-6-yarali\/","title":{"rendered":"\u015eanl\u0131urfa\u2019da Asans\u00f6r Kazas\u0131: 6 Yaral\u0131!"},"content":{"rendered":"\n<p><\/p>\n\n\n\n<p><strong>\u015eanl\u0131urfa\u2019n\u0131n Viran\u015fehir il\u00e7esinde 5 katl\u0131 bir apartmanda meydana gelen asans\u00f6r kazas\u0131nda 6 ki\u015fi hafif yaraland\u0131.<\/strong><\/p>\n\n\n\n<p>Olay ak\u015fam saatlerinde Viran\u015fehir il\u00e7esine ba\u011fl\u0131 Yeni\u015fehir Mahallesi, 20. Cadde \u00fczerindeki 5 katl\u0131 bir apartmanda meydana geldi.<\/p>\n\n\n\n<p>Al\u0131nan bilgilere g\u00f6re, Yeni\u015fehir Mahallesi&#8217;nde bir apartmanda asans\u00f6re binen Rahime (58), Rahime (40), Semanur (20), Muhammed Ali (9), Muhammed Salih (5) ve \u015eeymanur (11) O\u011fuz isimli 6 ki\u015fi hen\u00fcz belirlenemeyen bir sebepten dolay\u0131 asans\u00f6r\u00fcn d\u00fc\u015fmesi sonucu yaraland\u0131.<\/p>\n\n\n\n<p>\u0130hbar \u00fczerine olay yerine itfaiye, polis ve sa\u011fl\u0131k ekipleri sevk edildi. Yaral\u0131lar, itfaiye ekipleri taraf\u0131ndan kurtar\u0131larak sa\u011fl\u0131k ekiplerine teslim edildi.<\/p>\n\n\n\n<p>Yaralanan 6 ki\u015fi sa\u011fl\u0131k ekiplerince olay yerinden yap\u0131lan m\u00fcdahalenin ard\u0131ndan Viran\u015fehir Devlet Hastanesi&#8217;ne kald\u0131r\u0131larak tedavi alt\u0131na al\u0131nd\u0131. Yaral\u0131lar\u0131n sa\u011fl\u0131k durumlar\u0131n\u0131n iyi oldu\u011fu \u00f6\u011frenildi.<\/p>\n\n\n\n<p>Polis ekipleri olayla ilgili inceleme ba\u015flatt\u0131.<\/p>\n\n\n\n<figure class=\"wp-block-video\"><video height=\"1908\" style=\"aspect-ratio: 1080 \/ 1908;\" width=\"1080\" controls src=\"https:\/\/www.urfabugun.com\/wp-content\/uploads\/2025\/02\/copy_F8B230A5-C3C2-4D6A-A6D3-6CA959971CD4.mov\"><\/video><\/figure>\n\n\n","protected":false},"excerpt":{"rendered":"<p>\u015eanl\u0131urfa\u2019n\u0131n Viran\u015fehir il\u00e7esinde 5 katl\u0131 bir apartmanda meydana gelen asans\u00f6r kazas\u0131nda 6 ki\u015fi hafif yaraland\u0131. Olay&#46;&#46;&#46;<\/p>\n","protected":false},"author":2,"featured_media":17791,"comment_status":"open","ping_status":"open","sticky":false,"template":"","format":"standard","meta":{"inline_featured_image":false,"footnotes":""},"categories":[75],"tags":[4842,131,107,93],"manset":[],"class_list":["post-17789","post","type-post","status-publish","format-standard","has-post-thumbnail","hentry","category-asayis-haberleri","tag-asansor","tag-son-dakika","tag-ub","tag-ust"],"_links":{"self":[{"href":"https:\/\/www.urfabugun.com\/index.php\/wp-json\/wp\/v2\/posts\/17789","targetHints":{"allow":["GET"]}}],"collection":[{"href":"https:\/\/www.urfabugun.com\/index.php\/wp-json\/wp\/v2\/posts"}],"about":[{"href":"https:\/\/www.urfabugun.com\/index.php\/wp-json\/wp\/v2\/types\/post"}],"author":[{"embeddable":true,"href":"https:\/\/www.urfabugun.com\/index.php\/wp-json\/wp\/v2\/users\/2"}],"replies":[{"embeddable":true,"href":"https:\/\/www.urfabugun.com\/index.php\/wp-json\/wp\/v2\/comments?post=17789"}],"version-history":[{"count":0,"href":"https:\/\/www.urfabugun.com\/index.php\/wp-json\/wp\/v2\/posts\/17789\/revisions"}],"wp:featuredmedia":[{"embeddable":true,"href":"https:\/\/www.urfabugun.com\/index.php\/wp-json\/wp\/v2\/media\/17791"}],"wp:attachment":[{"href":"https:\/\/www.urfabugun.com\/index.php\/wp-json\/wp\/v2\/media?parent=17789"}],"wp:term":[{"taxonomy":"category","embeddable":true,"href":"https:\/\/www.urfabugun.com\/index.php\/wp-json\/wp\/v2\/categories?post=17789"},{"taxonomy":"post_tag","embeddable":true,"href":"https:\/\/www.urfabugun.com\/index.php\/wp-json\/wp\/v2\/tags?post=17789"},{"taxonomy":"manset","embeddable":true,"href":"https:\/\/www.urfabugun.com\/index.php\/wp-json\/wp\/v2\/manset?post=17789"}],"curies":[{"name":"wp","href":"https:\/\/api.w.org\/{rel}","templated":true}]}}