{"id":17813,"date":"2025-02-28T13:54:59","date_gmt":"2025-02-28T10:54:59","guid":{"rendered":"https:\/\/www.urfabugun.com\/?p=17813"},"modified":"2025-02-28T13:55:11","modified_gmt":"2025-02-28T10:55:11","slug":"hayirsever-is-insani-ali-dogan-geleneksel-ramazan-yardimlarini-surduruyor","status":"publish","type":"post","link":"https:\/\/www.urfabugun.com\/index.php\/2025\/02\/28\/hayirsever-is-insani-ali-dogan-geleneksel-ramazan-yardimlarini-surduruyor\/","title":{"rendered":"Hay\u0131rsever \u0130\u015f \u0130nsan\u0131 Ali Do\u011fan, Geleneksel Ramazan Yard\u0131mlar\u0131n\u0131 S\u00fcrd\u00fcr\u00fcyor!"},"content":{"rendered":"\n<p><\/p>\n\n\n\n<p>\u015eanl\u0131urfa\u2019n\u0131n tan\u0131nm\u0131\u015f hay\u0131rsever i\u015f insanlar\u0131ndan, ayn\u0131 zamanda Onikiler Mahallesi eski muhtar\u0131 ve Beltur Y\u00f6netim Kurulu \u00dcyesi Ali Do\u011fan, Ramazan ay\u0131n\u0131n manevi atmosferine uygun olarak her y\u0131l ger\u00e7ekle\u015ftirdi\u011fi yard\u0131m faaliyetlerini bu sene de devam ettirdi.<\/p>\n\n\n\n<p>Uzun y\u0131llard\u0131r ihtiya\u00e7 sahibi ailelere destek olmay\u0131 kendine misyon edinen Do\u011fan, bu y\u0131l da y\u00fczlerce dar gelirli aileye ekmek fi\u015fi da\u011f\u0131tarak g\u00f6n\u00fcllere dokundu.Ramazan ay\u0131n\u0131n yard\u0131mla\u015fma ve dayan\u0131\u015fma ruhuna vurgu yapan Ali Do\u011fan, yapt\u0131\u011f\u0131 a\u00e7\u0131klamada, bu kutsal ayda payla\u015fman\u0131n ve ihtiya\u00e7 sahiplerine destek olman\u0131n \u00f6nemine dikkat \u00e7ekti. Her y\u0131l geleneksel hale getirdi\u011fi ekmek fi\u015fi da\u011f\u0131t\u0131m\u0131n\u0131 b\u00fcy\u00fck bir hassasiyetle ger\u00e7ekle\u015ftirdiklerini belirten Do\u011fan, \u201cRamazan ay\u0131, birlik ve beraberli\u011fin en g\u00fczel \u015fekilde hissedildi\u011fi, payla\u015fman\u0131n ve dayan\u0131\u015fman\u0131n doruk noktas\u0131na ula\u015ft\u0131\u011f\u0131 bir ayd\u0131r.<\/p>\n\n\n\n<figure class=\"wp-block-image size-large\"><img loading=\"lazy\" decoding=\"async\" width=\"768\" height=\"1024\" src=\"https:\/\/www.urfabugun.com\/wp-content\/uploads\/2025\/02\/1d03d141-47c2-47d5-9c08-68553ba7def4-768x1024.jpeg\" alt=\"\" class=\"wp-image-17816\"\/><\/figure>\n\n\n\n<p>Bizler de elimizden geldi\u011fince ihtiya\u00e7 sahibi vatanda\u015flar\u0131m\u0131z\u0131n sofralar\u0131na bir nebze olsun katk\u0131 sunabilmek ad\u0131na bu yard\u0131mlar\u0131 yap\u0131yoruz\u201d dedi.\u015eanl\u0131urfa\u2019da bir\u00e7ok ailenin maddi zorluklar ya\u015fad\u0131\u011f\u0131n\u0131 dile getiren Do\u011fan, \u00f6zellikle dar gelirli ailelerin temel ihtiya\u00e7lar\u0131n\u0131 kar\u015f\u0131lamakta g\u00fc\u00e7l\u00fck \u00e7ekti\u011fini belirtti. Bu y\u00fczden ekmek fi\u015fi da\u011f\u0131t\u0131m\u0131n\u0131 her y\u0131l d\u00fczenli olarak ger\u00e7ekle\u015ftirdi\u011fini ifade eden Do\u011fan, desteklerinin sadece Ramazan ay\u0131 ile s\u0131n\u0131rl\u0131 kalmad\u0131\u011f\u0131n\u0131, y\u0131l boyunca farkl\u0131 alanlarda da hay\u0131r i\u015flerine devam ettiklerini s\u00f6yledi.<\/p>\n\n\n\n<p>Ekmek fi\u015flerinin da\u011f\u0131t\u0131m\u0131 titizlikle organize edilirken, yard\u0131mlar\u0131n en do\u011fru ki\u015filere ula\u015fmas\u0131 i\u00e7in mahallelerde yap\u0131lan \u00e7al\u0131\u015fmalar sonucunda belirlenen ihtiya\u00e7 sahiplerine ula\u015ft\u0131r\u0131ld\u0131\u011f\u0131 \u00f6\u011frenildi. Yard\u0131m alan vatanda\u015flar, Ali Do\u011fan\u2019a ve eme\u011fi ge\u00e7enlere te\u015fekk\u00fcr ederek, yap\u0131lan bu desteklerin kendileri i\u00e7in b\u00fcy\u00fck anlam ta\u015f\u0131d\u0131\u011f\u0131n\u0131 dile getirdi.Hay\u0131rsever kimli\u011fiyle bilinen ve her zaman topluma destek olmay\u0131 ama\u00e7 edinen Ali Do\u011fan, yard\u0131mlar\u0131n artarak devam edece\u011fini belirterek, \u201cG\u00fcc\u00fcm\u00fcz yetti\u011fince yard\u0131mlar\u0131m\u0131z\u0131 s\u00fcrd\u00fcrece\u011fiz. \u00c7\u00fcnk\u00fc inan\u0131yoruz ki, bir insan\u0131n sofras\u0131na bir lokma ekmek koymas\u0131na vesile olmak, en b\u00fcy\u00fck kazan\u00e7t\u0131r\u201d \u015feklinde konu\u015ftu.\u015eanl\u0131urfa\u2019daki hay\u0131rsever i\u015f insanlar\u0131n\u0131n Ramazan ay\u0131nda ger\u00e7ekle\u015ftirdi\u011fi bu t\u00fcr yard\u0131mlar, \u015fehirdeki dayan\u0131\u015fma k\u00fclt\u00fcr\u00fcn\u00fc daha da g\u00fc\u00e7lendirirken, bir\u00e7ok ihtiya\u00e7 sahibine umut olmaya devam ediyor.<\/p>\n","protected":false},"excerpt":{"rendered":"<p>\u015eanl\u0131urfa\u2019n\u0131n tan\u0131nm\u0131\u015f hay\u0131rsever i\u015f insanlar\u0131ndan, ayn\u0131 zamanda Onikiler Mahallesi eski muhtar\u0131 ve Beltur Y\u00f6netim Kurulu \u00dcyesi&#46;&#46;&#46;<\/p>\n","protected":false},"author":2,"featured_media":17815,"comment_status":"open","ping_status":"open","sticky":false,"template":"","format":"standard","meta":{"inline_featured_image":false,"footnotes":""},"categories":[92],"tags":[4846,4847,741,131,107,239],"manset":[],"class_list":["post-17813","post","type-post","status-publish","format-standard","has-post-thumbnail","hentry","category-yasam-haberleri","tag-ali-dogan","tag-hayirsever","tag-ramazan","tag-son-dakika","tag-ub","tag-yardim"],"_links":{"self":[{"href":"https:\/\/www.urfabugun.com\/index.php\/wp-json\/wp\/v2\/posts\/17813","targetHints":{"allow":["GET"]}}],"collection":[{"href":"https:\/\/www.urfabugun.com\/index.php\/wp-json\/wp\/v2\/posts"}],"about":[{"href":"https:\/\/www.urfabugun.com\/index.php\/wp-json\/wp\/v2\/types\/post"}],"author":[{"embeddable":true,"href":"https:\/\/www.urfabugun.com\/index.php\/wp-json\/wp\/v2\/users\/2"}],"replies":[{"embeddable":true,"href":"https:\/\/www.urfabugun.com\/index.php\/wp-json\/wp\/v2\/comments?post=17813"}],"version-history":[{"count":0,"href":"https:\/\/www.urfabugun.com\/index.php\/wp-json\/wp\/v2\/posts\/17813\/revisions"}],"wp:featuredmedia":[{"embeddable":true,"href":"https:\/\/www.urfabugun.com\/index.php\/wp-json\/wp\/v2\/media\/17815"}],"wp:attachment":[{"href":"https:\/\/www.urfabugun.com\/index.php\/wp-json\/wp\/v2\/media?parent=17813"}],"wp:term":[{"taxonomy":"category","embeddable":true,"href":"https:\/\/www.urfabugun.com\/index.php\/wp-json\/wp\/v2\/categories?post=17813"},{"taxonomy":"post_tag","embeddable":true,"href":"https:\/\/www.urfabugun.com\/index.php\/wp-json\/wp\/v2\/tags?post=17813"},{"taxonomy":"manset","embeddable":true,"href":"https:\/\/www.urfabugun.com\/index.php\/wp-json\/wp\/v2\/manset?post=17813"}],"curies":[{"name":"wp","href":"https:\/\/api.w.org\/{rel}","templated":true}]}}