{"id":17830,"date":"2025-06-10T13:44:15","date_gmt":"2025-06-10T10:44:15","guid":{"rendered":"https:\/\/www.urfabugun.com\/?p=17830"},"modified":"2025-06-10T13:44:25","modified_gmt":"2025-06-10T10:44:25","slug":"eyyubiyede-genclige-dev-yatirim","status":"publish","type":"post","link":"https:\/\/www.urfabugun.com\/index.php\/2025\/06\/10\/eyyubiyede-genclige-dev-yatirim\/","title":{"rendered":"Eyy\u00fcbiye\u2019de Gen\u00e7li\u011fe Dev Yat\u0131r\u0131m"},"content":{"rendered":"\n<p><\/p>\n\n\n\n<p><strong>Eyy\u00fcbiye Belediye Ba\u015fkan\u0131 Mehmet Ku\u015f, T\u00fcrkiye\u2019nin en gen\u00e7 n\u00fcfusuna sahip il\u00e7esine yeni yat\u0131r\u0131mlar\u0131n m\u00fcjdesini verdi. Ba\u015fkan Ku\u015f, Eyy\u00fcbiye\u2019ye 1 gen\u00e7lik kamp\u0131, 20 yeni hal\u0131 saha, 1 kapal\u0131 spor salonu ile 1 at\u0131c\u0131l\u0131k ve poligon tesisi in\u015fa edeceklerini a\u00e7\u0131klad\u0131.<\/strong><\/p>\n\n\n\n<p>N\u00fcfusu 400 bini a\u015fan ve 20 ya\u015f ortalamas\u0131yla T\u00fcrkiye\u2019nin en gen\u00e7 il\u00e7esi olan Eyy\u00fcbiye\u2019de, gen\u00e7lere y\u00f6nelik e\u011fitim ve spor yat\u0131r\u0131mlar\u0131na b\u00fcy\u00fck \u00f6nem veren Eyy\u00fcbiye Belediye Ba\u015fkan\u0131 Mehmet Ku\u015f, \u00f6nceki d\u00f6nem yat\u0131r\u0131mlar\u0131yla il\u00e7eye 27 hal\u0131 saha, bir spor kompleksi, bir kapal\u0131 y\u00fczme havuzu, bir gen\u00e7lik merkezi, iki s\u0131nav haz\u0131rl\u0131k merkezi ve \u00e7ok say\u0131da e\u011fitim ota\u011f\u0131 kazand\u0131rm\u0131\u015ft\u0131.<\/p>\n\n\n\n<p>B\u00fct\u00e7esinin y\u00fczde 60\u2019\u0131na yak\u0131n\u0131n\u0131 \u00e7ocuk ve gen\u00e7lere y\u00f6nelik e\u011fitim ve spor yat\u0131r\u0131mlar\u0131na ay\u0131rarak, k\u0131sa s\u00fcre i\u00e7erisinde il\u00e7e gen\u00e7li\u011finin yan\u0131 s\u0131ra t\u00fcm \u015eanl\u0131urfa\u2019ya hitap eden tesisler kazand\u0131ran Eyy\u00fcbiye Belediye Ba\u015fkan\u0131 Mehmet Ku\u015f, Gen\u00e7lik ve Spor Bakanl\u0131\u011f\u0131\u2019na yapt\u0131klar\u0131 m\u00fcracaat sonucu il\u00e7eye yeni tesisler kazand\u0131racaklar\u0131n\u0131n m\u00fcjdesini verdi.<\/p>\n\n\n\n<p>Ba\u015fkan Ku\u015f\u2019un a\u00e7\u0131klad\u0131\u011f\u0131 yeni yat\u0131r\u0131mlar aras\u0131nda, bir gen\u00e7lik kamp\u0131, 20 yeni hal\u0131 saha, bir kapal\u0131 spor salonu ile at\u0131c\u0131l\u0131k ve poligon tesisi bulunuyor. \u00c7ok yak\u0131n zamanda ihaleleri yap\u0131larak in\u015faatlar\u0131na ba\u015flanacak olan yat\u0131r\u0131mlar\u0131n Eyy\u00fcbiye gen\u00e7li\u011fine hay\u0131rl\u0131 olmas\u0131n\u0131 dileyen Ba\u015fkan Ku\u015f, halk\u0131n her kesimine hitap eden yat\u0131r\u0131mlara devam etmenin yan\u0131nda, T\u00fcrkiye\u2019nin en gen\u00e7 n\u00fcfusuna sahip il\u00e7esi olan Eyy\u00fcbiye\u2019de gen\u00e7leri desteklemeye ve bu alanda yat\u0131r\u0131mlar yapmaya devam edeceklerini belirtti.<\/p>\n\n\n\n<p>Eyy\u00fcbiye Belediyesi olarak rutin belediyecilik hizmetlerinin kapasitesini geni\u015fletmenin yan\u0131nda, il\u00e7enin geli\u015fimi ve ba\u015fta gen\u00e7ler olmak \u00fczere t\u00fcm dezavantajl\u0131 kesimleri destekleyen projeler \u00fcreterek hayata ge\u00e7irdiklerini ifade eden Ba\u015fkan Ku\u015f, \u00f6nceki d\u00f6nem il\u00e7eye kazand\u0131rd\u0131klar\u0131 gen\u00e7lik yat\u0131r\u0131mlar\u0131n\u0131 an\u0131msatt\u0131.<\/p>\n\n\n\n<p>Gen\u00e7lik ve Spor Bakanl\u0131\u011f\u0131\u2019na yapt\u0131klar\u0131 m\u00fcracaat sonucu, il\u00e7eye kazand\u0131r\u0131lan yeni yat\u0131r\u0131m projelerinin hay\u0131rl\u0131 olmas\u0131n\u0131 dileyen Ba\u015fkan Ku\u015f, \u201cBakanl\u0131\u011f\u0131m\u0131za yapt\u0131\u011f\u0131m\u0131z m\u00fcracaat meyvelerini verdi. Yat\u0131r\u0131mlar\u0131m\u0131z artarak devam edecek. Bu s\u00fcre\u00e7te desteklerini bizden esirgemeyen TBMM Ba\u015fkanvekili, \u015eanl\u0131urfa Milletvekilimiz Say\u0131n Bekir Bozda\u011f\u2019a, AK Parti \u0130l Ba\u015fkan\u0131m\u0131z Say\u0131n M. \u0130lhami G\u00fcnbe\u011fi\u2019ne ve AK Parti \u015eanl\u0131urfa Milletvekillerimize il\u00e7e halk\u0131m\u0131z ad\u0131na te\u015fekk\u00fcr ediyorum. Projelerimiz, \u015fimdiden Eyy\u00fcbiye gen\u00e7li\u011fine hay\u0131rl\u0131 olsun. Eyy\u00fcbiye, her \u015feyin en g\u00fczeline lay\u0131k\u201d diye konu\u015ftu.<\/p>\n","protected":false},"excerpt":{"rendered":"<p>Eyy\u00fcbiye Belediye Ba\u015fkan\u0131 Mehmet Ku\u015f, T\u00fcrkiye\u2019nin en gen\u00e7 n\u00fcfusuna sahip il\u00e7esine yeni yat\u0131r\u0131mlar\u0131n m\u00fcjdesini verdi. Ba\u015fkan&#46;&#46;&#46;<\/p>\n","protected":false},"author":2,"featured_media":17832,"comment_status":"open","ping_status":"open","sticky":false,"template":"","format":"standard","meta":{"inline_featured_image":false,"footnotes":""},"categories":[92],"tags":[194,131,608],"manset":[],"class_list":["post-17830","post","type-post","status-publish","format-standard","has-post-thumbnail","hentry","category-yasam-haberleri","tag-eyyubiye","tag-son-dakika","tag-urfa-bugun"],"_links":{"self":[{"href":"https:\/\/www.urfabugun.com\/index.php\/wp-json\/wp\/v2\/posts\/17830","targetHints":{"allow":["GET"]}}],"collection":[{"href":"https:\/\/www.urfabugun.com\/index.php\/wp-json\/wp\/v2\/posts"}],"about":[{"href":"https:\/\/www.urfabugun.com\/index.php\/wp-json\/wp\/v2\/types\/post"}],"author":[{"embeddable":true,"href":"https:\/\/www.urfabugun.com\/index.php\/wp-json\/wp\/v2\/users\/2"}],"replies":[{"embeddable":true,"href":"https:\/\/www.urfabugun.com\/index.php\/wp-json\/wp\/v2\/comments?post=17830"}],"version-history":[{"count":0,"href":"https:\/\/www.urfabugun.com\/index.php\/wp-json\/wp\/v2\/posts\/17830\/revisions"}],"wp:featuredmedia":[{"embeddable":true,"href":"https:\/\/www.urfabugun.com\/index.php\/wp-json\/wp\/v2\/media\/17832"}],"wp:attachment":[{"href":"https:\/\/www.urfabugun.com\/index.php\/wp-json\/wp\/v2\/media?parent=17830"}],"wp:term":[{"taxonomy":"category","embeddable":true,"href":"https:\/\/www.urfabugun.com\/index.php\/wp-json\/wp\/v2\/categories?post=17830"},{"taxonomy":"post_tag","embeddable":true,"href":"https:\/\/www.urfabugun.com\/index.php\/wp-json\/wp\/v2\/tags?post=17830"},{"taxonomy":"manset","embeddable":true,"href":"https:\/\/www.urfabugun.com\/index.php\/wp-json\/wp\/v2\/manset?post=17830"}],"curies":[{"name":"wp","href":"https:\/\/api.w.org\/{rel}","templated":true}]}}