{"id":17842,"date":"2025-06-12T10:33:42","date_gmt":"2025-06-12T07:33:42","guid":{"rendered":"https:\/\/www.urfabugun.com\/?p=17842"},"modified":"2025-06-12T14:03:34","modified_gmt":"2025-06-12T11:03:34","slug":"sicakliklar-43-dereceye-kadar-cikacak","status":"publish","type":"post","link":"https:\/\/www.urfabugun.com\/index.php\/2025\/06\/12\/sicakliklar-43-dereceye-kadar-cikacak\/","title":{"rendered":"S\u0131cakl\u0131klar 43 Dereceye Kadar \u00c7\u0131kacak!"},"content":{"rendered":"\n<h1 class=\"wp-block-heading\"><\/h1>\n\n\n\n<h2 class=\"wp-block-heading\">Hava s\u0131cakl\u0131\u011f\u0131 yurt genelinde mevsim normallerinin \u00fczerinde seyrediyor. Batman&#8217;da s\u0131cakl\u0131k cuma g\u00fcn\u00fc 43 dereceye y\u00fckselecek. \u015eanl\u0131urfa ve Diyarbak\u0131r&#8217;da ise 41 dereceye \u00e7\u0131kmas\u0131 bekleniyor.<\/h2>\n\n\n\n<p><\/p>\n\n\n\n<p><a href=\"https:\/\/www.trthaber.com\/etiket\/meteoroloji\/\" target=\"_blank\" rel=\"noreferrer noopener\">Meteoroloj<\/a>\u0130 Genel M\u00fcd\u00fcrl\u00fc\u011f\u00fc taraf\u0131ndan yap\u0131lan tahminlere g\u00f6re, yurdun kuzey ve do\u011fu kesimlerinin par\u00e7al\u0131, yer yer \u00e7ok bulutlu, Bat\u0131 Karadeniz&#8217;in i\u00e7 kesimleri, Do\u011fu Akdeniz&#8217;in Toroslar mevkii, Do\u011fu Karadeniz&#8217;in i\u00e7 kesimleri, Do\u011fu\u00a0<a href=\"https:\/\/www.trthaber.com\/etiket\/anadolu\/\" target=\"_blank\" rel=\"noreferrer noopener\">Anadolu<\/a>\u00a0B\u00f6lgesi&#8217;nin kuzey ve do\u011fusu ile\u00a0<a href=\"https:\/\/www.trthaber.com\/etiket\/afyonkarahisar\/\" target=\"_blank\" rel=\"noreferrer noopener\">Afyonkarahisar<\/a>\u00a0ve\u00a0<a href=\"https:\/\/www.trthaber.com\/etiket\/denizli\/\" target=\"_blank\" rel=\"noreferrer noopener\">Denizli<\/a>\u00a0\u00e7evreleri, Antalya&#8217;n\u0131n i\u00e7 kesimleri, Ankara&#8217;n\u0131n kuzey ve bat\u0131s\u0131 ve Eski\u015fehir&#8217;in do\u011fusunun yerel olmak \u00fczere\u00a0<a href=\"https:\/\/www.trthaber.com\/etiket\/saganak\/\" target=\"_blank\" rel=\"noreferrer noopener\">sa\u011fanak<\/a>\u00a0ve g\u00f6k g\u00fcr\u00fclt\u00fcl\u00fc sa\u011fanak ya\u011f\u0131\u015fl\u0131, di\u011fer yerlerin az bulutlu ve a\u00e7\u0131k ge\u00e7ece\u011fi tahmin ediliyor.<\/p>\n\n\n\n<p>Genellikle kuzeyli, yurdun do\u011fu kesimlerinde g\u00fcneyli y\u00f6nlerden hafif, ara s\u0131ra orta kuvvette, Marmara&#8217;n\u0131n g\u00fcneybat\u0131s\u0131 ile Ege k\u0131y\u0131lar\u0131nda kuzeyli, G\u00fcneydo\u011fu Anadolu&#8217;nun kuzey, Do\u011fu Anadolu&#8217;nun bat\u0131 kesimlerinde g\u00fcneybat\u0131 y\u00f6nlerden yer yer kuvvetli olarak esmesi bekleniyor.<\/p>\n\n\n\n<p>Ege&#8217;de az bulutlu ve a\u00e7\u0131k, \u00f6\u011fle saatlerinden sonra do\u011fu kesimlerinin par\u00e7al\u0131 ve \u00e7ok bulutlu, Afyonkarahisar ve Denizli \u00e7evrelerinin yerel sa\u011fanak ve g\u00f6k g\u00fcr\u00fclt\u00fcl\u00fc sa\u011fanak ya\u011f\u0131\u015fl\u0131 ge\u00e7mesi bekleniyor.<\/p>\n\n\n\n<p>Akdeniz&#8217;de ise az bulutlu ve a\u00e7\u0131k, i\u00e7 kesimlerinin par\u00e7al\u0131 bulutlu, Antalya&#8217;n\u0131n i\u00e7 kesimleri, Burdur&#8217;un bat\u0131s\u0131 ile Do\u011fu Akdeniz&#8217;in Toroslar mevkiinin \u00f6\u011fle saatlerinden sonra yerel olmak \u00fczere sa\u011fanak ve g\u00f6k g\u00fcr\u00fclt\u00fcl\u00fc sa\u011fanak ya\u011f\u0131\u015fl\u0131 ge\u00e7ece\u011fi tahmin ediliyor.<\/p>\n\n\n\n<p>G\u00fcneydo\u011fu Anadolu&#8217;da s\u0131cakl\u0131klar y\u00fckseliyor<\/p>\n\n\n\n<p>\u0130\u00e7 Anadolu&#8217;da havan\u0131n az bulutlu, kuzey ve do\u011fu kesimlerinin \u00f6\u011fle saatlerinden sonra kuzey ve do\u011fusu par\u00e7al\u0131 \u00e7ok bulutlu, Ankara&#8217;n\u0131n kuzey ve bat\u0131s\u0131, Eski\u015fehir&#8217;in do\u011fusu ile&nbsp;<a href=\"https:\/\/www.trthaber.com\/etiket\/sivas\/\" target=\"_blank\" rel=\"noreferrer noopener\">Sivas<\/a>&nbsp;ve Kayseri&#8217;nin do\u011fusunun yerel sa\u011fanak ya\u011f\u0131\u015fl\u0131 ge\u00e7mesi bekleniyor.<\/p>\n\n\n\n<p>Do\u011fu Anadolu&#8217;da par\u00e7al\u0131, yer yer \u00e7ok bulutlu, b\u00f6lgenin kuzey ve do\u011fusu yerel olmak \u00fczere sa\u011fanak ve g\u00f6k g\u00fcr\u00fclt\u00fcl\u00fc sa\u011fanak ya\u011f\u0131\u015fl\u0131 ge\u00e7ece\u011fi tahmin ediliyor.<\/p>\n\n\n\n<p>G\u00fcneydo\u011fu Anadolu&#8217;da havan\u0131n bug\u00fcn az bulutlu, kuzey ve bat\u0131 kesimlerinin \u00f6\u011fle saatlerinden sonra par\u00e7al\u0131 ve yer yer \u00e7ok bulutlu ge\u00e7mesi beklenirken, Batman&#8217;da s\u0131cakl\u0131k cuma g\u00fcn\u00fc 43 dereceye y\u00fckselecek. \u015eanl\u0131urfa ve Diyarbak\u0131r&#8217;da ise 41 dereceye \u00e7\u0131kmas\u0131 bekleniyor.<\/p>\n","protected":false},"excerpt":{"rendered":"<p>Hava s\u0131cakl\u0131\u011f\u0131 yurt genelinde mevsim normallerinin \u00fczerinde seyrediyor. Batman&#8217;da s\u0131cakl\u0131k cuma g\u00fcn\u00fc 43 dereceye y\u00fckselecek. \u015eanl\u0131urfa&#46;&#46;&#46;<\/p>\n","protected":false},"author":2,"featured_media":17844,"comment_status":"open","ping_status":"open","sticky":false,"template":"","format":"standard","meta":{"inline_featured_image":false,"footnotes":""},"categories":[92],"tags":[131,107],"manset":[],"class_list":["post-17842","post","type-post","status-publish","format-standard","has-post-thumbnail","hentry","category-yasam-haberleri","tag-son-dakika","tag-ub"],"_links":{"self":[{"href":"https:\/\/www.urfabugun.com\/index.php\/wp-json\/wp\/v2\/posts\/17842","targetHints":{"allow":["GET"]}}],"collection":[{"href":"https:\/\/www.urfabugun.com\/index.php\/wp-json\/wp\/v2\/posts"}],"about":[{"href":"https:\/\/www.urfabugun.com\/index.php\/wp-json\/wp\/v2\/types\/post"}],"author":[{"embeddable":true,"href":"https:\/\/www.urfabugun.com\/index.php\/wp-json\/wp\/v2\/users\/2"}],"replies":[{"embeddable":true,"href":"https:\/\/www.urfabugun.com\/index.php\/wp-json\/wp\/v2\/comments?post=17842"}],"version-history":[{"count":0,"href":"https:\/\/www.urfabugun.com\/index.php\/wp-json\/wp\/v2\/posts\/17842\/revisions"}],"wp:featuredmedia":[{"embeddable":true,"href":"https:\/\/www.urfabugun.com\/index.php\/wp-json\/wp\/v2\/media\/17844"}],"wp:attachment":[{"href":"https:\/\/www.urfabugun.com\/index.php\/wp-json\/wp\/v2\/media?parent=17842"}],"wp:term":[{"taxonomy":"category","embeddable":true,"href":"https:\/\/www.urfabugun.com\/index.php\/wp-json\/wp\/v2\/categories?post=17842"},{"taxonomy":"post_tag","embeddable":true,"href":"https:\/\/www.urfabugun.com\/index.php\/wp-json\/wp\/v2\/tags?post=17842"},{"taxonomy":"manset","embeddable":true,"href":"https:\/\/www.urfabugun.com\/index.php\/wp-json\/wp\/v2\/manset?post=17842"}],"curies":[{"name":"wp","href":"https:\/\/api.w.org\/{rel}","templated":true}]}}