{"id":17867,"date":"2025-06-12T16:34:54","date_gmt":"2025-06-12T13:34:54","guid":{"rendered":"https:\/\/www.urfabugun.com\/?p=17867"},"modified":"2025-06-12T16:36:31","modified_gmt":"2025-06-12T13:36:31","slug":"siverekte-feci-kaza-2si-bebek-4-kisi-yaralandi","status":"publish","type":"post","link":"https:\/\/www.urfabugun.com\/index.php\/2025\/06\/12\/siverekte-feci-kaza-2si-bebek-4-kisi-yaralandi\/","title":{"rendered":"Siverek\u2019te Feci Kaza: 2\u2019si Bebek 4 Ki\u015fi Yaraland\u0131!"},"content":{"rendered":"\n<p>\u015eanl\u0131urfa\u2019n\u0131n Siverek il\u00e7esinde meydana gelen trafik kazas\u0131nda 2\u2019si bebek olmak \u00fczere 4 ki\u015fi yaraland\u0131. Yaral\u0131lar\u0131n durumlar\u0131n\u0131n a\u011f\u0131r oldu\u011fu bildirildi.Kaza, Siverek-Diyarbak\u0131r karayolunun 30. kilometresinde meydana geldi.<\/p>\n\n\n\n<p>\u0130ddiaya g\u00f6re, 62 ya\u015f\u0131ndaki F.K. y\u00f6netimindeki hafif ticari ara\u00e7, s\u00fcr\u00fcc\u00fcn\u00fcn direksiyon h\u00e2kimiyetini kaybetmesi sonucu kontrolden \u00e7\u0131karak takla att\u0131.Kazada s\u00fcr\u00fcc\u00fc F.K. ile birlikte ara\u00e7ta bulunan 28 ya\u015f\u0131ndaki F.K., 1 ya\u015f\u0131ndaki R.K. ve hen\u00fcz yenido\u011fan olan bir bebek yaraland\u0131. \u0130hbar \u00fczerine olay yerine sevk edilen sa\u011fl\u0131k ekipleri, yaral\u0131lara ilk m\u00fcdahaleyi yapt\u0131ktan sonra ambulanslarla Siverek Devlet Hastanesi\u2019ne sevk etti.Hastaneye kald\u0131r\u0131lan yaral\u0131lar\u0131n hayati tehlikelerinin bulundu\u011fu \u00f6\u011frenilirken, kazayla ilgili jandarma ekiplerinin inceleme ba\u015flatt\u0131\u011f\u0131 belirtildi.<\/p>\n","protected":false},"excerpt":{"rendered":"<p>\u015eanl\u0131urfa\u2019n\u0131n Siverek il\u00e7esinde meydana gelen trafik kazas\u0131nda 2\u2019si bebek olmak \u00fczere 4 ki\u015fi yaraland\u0131. Yaral\u0131lar\u0131n durumlar\u0131n\u0131n&#46;&#46;&#46;<\/p>\n","protected":false},"author":2,"featured_media":17796,"comment_status":"open","ping_status":"open","sticky":false,"template":"","format":"standard","meta":{"inline_featured_image":false,"footnotes":""},"categories":[75],"tags":[118,131,107],"manset":[],"class_list":["post-17867","post","type-post","status-publish","format-standard","has-post-thumbnail","hentry","category-asayis-haberleri","tag-sanliurfa","tag-son-dakika","tag-ub"],"_links":{"self":[{"href":"https:\/\/www.urfabugun.com\/index.php\/wp-json\/wp\/v2\/posts\/17867","targetHints":{"allow":["GET"]}}],"collection":[{"href":"https:\/\/www.urfabugun.com\/index.php\/wp-json\/wp\/v2\/posts"}],"about":[{"href":"https:\/\/www.urfabugun.com\/index.php\/wp-json\/wp\/v2\/types\/post"}],"author":[{"embeddable":true,"href":"https:\/\/www.urfabugun.com\/index.php\/wp-json\/wp\/v2\/users\/2"}],"replies":[{"embeddable":true,"href":"https:\/\/www.urfabugun.com\/index.php\/wp-json\/wp\/v2\/comments?post=17867"}],"version-history":[{"count":0,"href":"https:\/\/www.urfabugun.com\/index.php\/wp-json\/wp\/v2\/posts\/17867\/revisions"}],"wp:featuredmedia":[{"embeddable":true,"href":"https:\/\/www.urfabugun.com\/index.php\/wp-json\/wp\/v2\/media\/17796"}],"wp:attachment":[{"href":"https:\/\/www.urfabugun.com\/index.php\/wp-json\/wp\/v2\/media?parent=17867"}],"wp:term":[{"taxonomy":"category","embeddable":true,"href":"https:\/\/www.urfabugun.com\/index.php\/wp-json\/wp\/v2\/categories?post=17867"},{"taxonomy":"post_tag","embeddable":true,"href":"https:\/\/www.urfabugun.com\/index.php\/wp-json\/wp\/v2\/tags?post=17867"},{"taxonomy":"manset","embeddable":true,"href":"https:\/\/www.urfabugun.com\/index.php\/wp-json\/wp\/v2\/manset?post=17867"}],"curies":[{"name":"wp","href":"https:\/\/api.w.org\/{rel}","templated":true}]}}