{"id":1793,"date":"2023-01-17T19:40:57","date_gmt":"2023-01-17T16:40:57","guid":{"rendered":"https:\/\/www.urfabugun.com\/?p=1793"},"modified":"2023-01-17T19:40:58","modified_gmt":"2023-01-17T16:40:58","slug":"sanliurfada-ki-o-cafe-kule-dondu1-kisi-hastaneye-kaldirildi","status":"publish","type":"post","link":"https:\/\/www.urfabugun.com\/index.php\/2023\/01\/17\/sanliurfada-ki-o-cafe-kule-dondu1-kisi-hastaneye-kaldirildi\/","title":{"rendered":"\u015eanl\u0131urfa&#8217;da ki o Cafe K\u00fcle D\u00f6nd\u00fc:1 Ki\u015fi Hastaneye Kald\u0131r\u0131ld\u0131!"},"content":{"rendered":"\n<p><strong>Yang\u0131n \u015eanl\u0131urfa&#8217;n\u0131n Eyy\u00fcbiye il\u00e7esinde atat\u00fcrk bulvar\u0131nda bulunan bir cafede meydana geldi. Hen\u00fcz bilinmeyen bir nedenden dolay\u0131 atat\u00fcrk bulvar\u0131nda bulunan 2. kattaki cafede yang\u0131n \u00e7\u0131kt\u0131.<\/strong><\/p>\n\n\n\n<figure class=\"wp-block-image size-large\"><img loading=\"lazy\" decoding=\"async\" width=\"1024\" height=\"717\" src=\"https:\/\/www.urfabugun.com\/wp-content\/uploads\/2023\/01\/aaaaa-1-1024x717.png\" alt=\"\" class=\"wp-image-1795\"\/><\/figure>\n\n\n\n<p><strong><br><\/strong>Yang\u0131n\u0131 g\u00f6ren \u00e7evredeki vatanda\u015flar\u0131n ihbar\u0131 \u00fczerine olay yerine itfaiye,sa\u011fl\u0131k ve polis ekipleri sevk edildi.<br>K\u0131sa s\u00fcre i\u00e7erisinde olay yerine gelen itfaiye ekipleri \u00e7\u0131kan yang\u0131na m\u00fcdehale ederek s\u00f6nd\u00fcrd\u00fc. Olayda cafe kullan\u0131lamaz hale gelirken i\u00e7erde bulunan bir vatanda\u015f dumandan etkilendi.<br>Olay yerinde yap\u0131lan ilk m\u00fcdehalenin ard\u0131ndan yaral\u0131 vatnada\u015f tedavi edilmek \u00fczere hastaneye kald\u0131r\u0131ld\u0131.<br>Polis yang\u0131n\u0131n \u00e7\u0131k\u0131\u015f nedeni ile ilgili inceleme ba\u015flatt\u0131!<\/p>\n","protected":false},"excerpt":{"rendered":"<p>Yang\u0131n \u015eanl\u0131urfa&#8217;n\u0131n Eyy\u00fcbiye il\u00e7esinde atat\u00fcrk bulvar\u0131nda bulunan bir cafede meydana geldi. Hen\u00fcz bilinmeyen bir nedenden dolay\u0131&#46;&#46;&#46;<\/p>\n","protected":false},"author":2,"featured_media":1796,"comment_status":"open","ping_status":"open","sticky":false,"template":"","format":"standard","meta":{"inline_featured_image":false,"footnotes":""},"categories":[75],"tags":[212,194,118,131,107,130,211],"manset":[],"class_list":["post-1793","post","type-post","status-publish","format-standard","has-post-thumbnail","hentry","category-asayis-haberleri","tag-cafede-yangin","tag-eyyubiye","tag-sanliurfa","tag-son-dakika","tag-ub","tag-urfa","tag-yangin"],"_links":{"self":[{"href":"https:\/\/www.urfabugun.com\/index.php\/wp-json\/wp\/v2\/posts\/1793","targetHints":{"allow":["GET"]}}],"collection":[{"href":"https:\/\/www.urfabugun.com\/index.php\/wp-json\/wp\/v2\/posts"}],"about":[{"href":"https:\/\/www.urfabugun.com\/index.php\/wp-json\/wp\/v2\/types\/post"}],"author":[{"embeddable":true,"href":"https:\/\/www.urfabugun.com\/index.php\/wp-json\/wp\/v2\/users\/2"}],"replies":[{"embeddable":true,"href":"https:\/\/www.urfabugun.com\/index.php\/wp-json\/wp\/v2\/comments?post=1793"}],"version-history":[{"count":0,"href":"https:\/\/www.urfabugun.com\/index.php\/wp-json\/wp\/v2\/posts\/1793\/revisions"}],"wp:featuredmedia":[{"embeddable":true,"href":"https:\/\/www.urfabugun.com\/index.php\/wp-json\/wp\/v2\/media\/1796"}],"wp:attachment":[{"href":"https:\/\/www.urfabugun.com\/index.php\/wp-json\/wp\/v2\/media?parent=1793"}],"wp:term":[{"taxonomy":"category","embeddable":true,"href":"https:\/\/www.urfabugun.com\/index.php\/wp-json\/wp\/v2\/categories?post=1793"},{"taxonomy":"post_tag","embeddable":true,"href":"https:\/\/www.urfabugun.com\/index.php\/wp-json\/wp\/v2\/tags?post=1793"},{"taxonomy":"manset","embeddable":true,"href":"https:\/\/www.urfabugun.com\/index.php\/wp-json\/wp\/v2\/manset?post=1793"}],"curies":[{"name":"wp","href":"https:\/\/api.w.org\/{rel}","templated":true}]}}