{"id":17936,"date":"2025-09-22T10:14:16","date_gmt":"2025-09-22T07:14:16","guid":{"rendered":"https:\/\/www.urfabugun.com\/?p=17936"},"modified":"2025-09-22T18:40:31","modified_gmt":"2025-09-22T15:40:31","slug":"kizmaz-ve-satis-ailelerinin-mutlu-gunu-dr-eyyup-selli-kirve-oldu","status":"publish","type":"post","link":"https:\/\/www.urfabugun.com\/index.php\/2025\/09\/22\/kizmaz-ve-satis-ailelerinin-mutlu-gunu-dr-eyyup-selli-kirve-oldu\/","title":{"rendered":"K\u0131zmaz ve Sat\u0131\u015f Ailelerinin Mutlu G\u00fcn\u00fc: Dr. Eyy\u00fcp \u015eelli Kirve Oldu"},"content":{"rendered":"\r\n<p>&nbsp;<\/p>\r\n\r\n\r\n\r\n<p>&nbsp;<\/p>\r\n\r\n\r\n\r\n<p><strong>\u015eanl\u0131urfa\u2019n\u0131n se\u00e7kin d\u00fc\u011f\u00fcn mek\u00e2nlar\u0131ndan Nobel K\u0131r D\u00fc\u011f\u00fcn Salonu, K\u0131zmaz ve Sat\u0131\u015f ailelerinin g\u00f6rkemli d\u00fc\u011f\u00fcn\u00fcne ev sahipli\u011fi yapt\u0131. \u015eeddadi A\u015fireti kanaat \u00f6nderi Mahmut K\u0131zmaz\u2019\u0131n o\u011flu, gen\u00e7 i\u015f adam\u0131 Baran K\u0131zmaz\u2019\u0131n karde\u015fi Di\u015f Doktoru Mehmet K\u0131zmaz ile Eczac\u0131 Didar Sat\u0131\u015f, d\u00fczenlenen muhte\u015fem bir t\u00f6renle d\u00fcnya evine girdi.<\/strong><\/p>\r\n\r\n\r\n\r\n<p>Yakla\u015f\u0131k 2 bin davetlinin kat\u0131ld\u0131\u011f\u0131 d\u00fc\u011f\u00fcn, yo\u011fun ilgi ve co\u015fkuyla ger\u00e7ekle\u015fti.<\/p>\r\n\r\n\r\n\r\n<figure class=\"wp-block-image size-large\"><img loading=\"lazy\" decoding=\"async\" width=\"1024\" height=\"577\" class=\"wp-image-17939\" src=\"https:\/\/www.urfabugun.com\/wp-content\/uploads\/2025\/09\/020c991c-7735-4421-8108-845399dcc7d5-1024x577.jpeg\" alt=\"\" \/><\/figure>\r\n\r\n\r\n\r\n<p><strong>Siyaset, \u0130\u015f D\u00fcnyas\u0131 ve STK\u2019lardan Yo\u011fun Kat\u0131l\u0131m<\/strong><\/p>\r\n\r\n\r\n\r\n<p>D\u00fc\u011f\u00fcne, ge\u00e7mi\u015f d\u00f6nem \u015eanl\u0131urfa B\u00fcy\u00fck\u015fehir Belediye Meclis Ba\u015fkanvekili Serdar \u015eeyhanl\u0131o\u011flu, AK Parti Karak\u00f6pr\u00fc Belediye Meclis \u00dcyesi Faruk Bayuk, \u015eanl\u0131urfa Ticaret ve Sanayi Odas\u0131 Meclis \u00dcyesi Nejmi \u015eelli, \u0130stanbul\u2019da g\u00f6rev yapan Kalp Damar Cerrah\u0131 Op. Dr. C\u00fcneyt \u015eelli, AK Parti \u015eanl\u0131urfa \u0130l Y\u00f6netim Kurulu \u00dcyesi Ensar \u015eelli, Avukat Salih G\u00fcnd\u00fcz, i\u015f insanlar\u0131 Gafur Zinciro\u011flu, Mustafa Yavuz, Aziz Ge\u00e7gel, Cemal Y\u0131ld\u0131z, Ali Do\u011fant\u00fcrk, \u00e7ok say\u0131da STK ba\u015fkan\u0131, muhtarlar ve her iki ailenin yak\u0131n dostlar\u0131 kat\u0131l\u0131m sa\u011flad\u0131.<\/p>\r\n\r\n\r\n\r\n<p><strong>Kirvelik Onuru: Dr. Eyy\u00fcp \u015eelli<\/strong><\/p>\r\n\r\n\r\n\r\n<p>D\u00fc\u011f\u00fcn\u00fcn en \u00f6nemli detaylar\u0131ndan biri ise kirvelik oldu. \u015eeddadi A\u015fireti ileri gelenlerinden Dr. Eyy\u00fcp \u015eelli, K\u0131zmaz ve Sat\u0131\u015f ailelerinin kirvesi olarak onurland\u0131r\u0131ld\u0131.<br \/>Dr. \u015eelli yapt\u0131\u011f\u0131 konu\u015fmada, \u201cAkrabam olan K\u0131zmaz ailesine b\u00f6ylesine k\u0131ymetli bir g\u00fcnde kirve olmak bizim i\u00e7in onur vericidir. Her iki aileye de mutluluklar diliyorum. Rabbim \u00f6m\u00fcr boyu huzurlu k\u0131ls\u0131n\u201d ifadelerini kulland\u0131.<\/p>\r\n\r\n\r\n\r\n<figure class=\"wp-block-image size-large\"><img loading=\"lazy\" decoding=\"async\" width=\"1024\" height=\"577\" class=\"wp-image-17940\" src=\"https:\/\/www.urfabugun.com\/wp-content\/uploads\/2025\/09\/8beb9612-3577-4e41-a0a6-8eda3703f053-1024x577.jpeg\" alt=\"\" \/><\/figure>\r\n\r\n\r\n\r\n<p><strong>Y\u00f6resel \u0130kramlar Davetlilerden Tam Not Ald\u0131<\/strong><\/p>\r\n<p>Yakla\u015f\u0131k iki bin ki\u015fiye verilen d\u00fc\u011f\u00fcn yeme\u011finde, geleneksel Urfa mutfa\u011f\u0131n\u0131n e\u015fsiz lezzetleri misafirlere ikram edildi. Y\u00f6resel tatlar davetliler taraf\u0131ndan b\u00fcy\u00fck be\u011feni toplad\u0131.<\/p>\r\n<p><strong>Te\u015fekk\u00fcr Konu\u015fmas\u0131<\/strong><\/p>\r\n<p>Ev sahibi ve kanaat \u00f6nderi Mahmut K\u0131zmaz, davetlilere te\u015fekk\u00fcr ederek \u015funlar\u0131 s\u00f6yledi:<br \/>\u201cBu mutlu g\u00fcn\u00fcm\u00fczde yan\u0131m\u0131zda olup bizleri onurland\u0131ran herkese \u015f\u00fckranlar\u0131m\u0131 sunuyorum. Dostlar\u0131m\u0131z\u0131n, akrabalar\u0131m\u0131z\u0131n ve a\u015firet mensuplar\u0131m\u0131z\u0131n varl\u0131\u011f\u0131 bizler i\u00e7in en b\u00fcy\u00fck mutluluk kayna\u011f\u0131d\u0131r.\u201d<\/p>\r\n<p><strong>Gelin ve Damada Dolar Ya\u011fmuru<\/strong><\/p>\r\n<p>D\u00fc\u011f\u00fcnde, Dr. Eyy\u00fcp \u015eelli ve Kalp Damar Cerrah\u0131 Dr. C\u00fcneyt \u015eelli\u2019nin de aralar\u0131nda bulundu\u011fu davetliler, gelin ve damad\u0131n piste \u00e7\u0131kmas\u0131yla birlikte sahneye \u00e7\u0131karak \u00e7ifte dolar ve T\u00fcrk liras\u0131 att\u0131.<\/p>\r\n<p><strong>Halaylarla Co\u015fku Doruktayd\u0131<\/strong><\/p>\r\n<p>Gece boyunca gen\u00e7 \u00e7iftin yak\u0131nlar\u0131 ve arkada\u015flar\u0131 halaylar \u00e7ekerek doyas\u0131ya e\u011flendi. Mutluluklar\u0131 y\u00fczlerinden okunan Mehmet K\u0131zmaz ve Sidar Sat\u0131\u015f \u00e7ifti, yo\u011fun ilgi g\u00f6ren d\u00fc\u011f\u00fcnle haf\u0131zalarda unutulmaz bir iz b\u0131rakt\u0131.<\/p>\r\n<p>Bu \u00f6zel g\u00fcn, sadece iki ailenin mutlulu\u011funu de\u011fil, ayn\u0131 zamanda birlik ve beraberli\u011fin en g\u00fczel \u00f6rneklerinden birini yans\u0131tarak \u015eanl\u0131urfa\u2019n\u0131n sosyal hayat\u0131nda \u00f6nemli bir yer edindi.<\/p>\r\n","protected":false},"excerpt":{"rendered":"<p>&nbsp; &nbsp; \u015eanl\u0131urfa\u2019n\u0131n se\u00e7kin d\u00fc\u011f\u00fcn mek\u00e2nlar\u0131ndan Nobel K\u0131r D\u00fc\u011f\u00fcn Salonu, K\u0131zmaz ve Sat\u0131\u015f ailelerinin g\u00f6rkemli d\u00fc\u011f\u00fcn\u00fcne&#46;&#46;&#46;<\/p>\n","protected":false},"author":2,"featured_media":17938,"comment_status":"open","ping_status":"open","sticky":false,"template":"","format":"standard","meta":{"inline_featured_image":false,"footnotes":""},"categories":[92],"tags":[131,107],"manset":[],"class_list":["post-17936","post","type-post","status-publish","format-standard","has-post-thumbnail","hentry","category-yasam-haberleri","tag-son-dakika","tag-ub"],"_links":{"self":[{"href":"https:\/\/www.urfabugun.com\/index.php\/wp-json\/wp\/v2\/posts\/17936","targetHints":{"allow":["GET"]}}],"collection":[{"href":"https:\/\/www.urfabugun.com\/index.php\/wp-json\/wp\/v2\/posts"}],"about":[{"href":"https:\/\/www.urfabugun.com\/index.php\/wp-json\/wp\/v2\/types\/post"}],"author":[{"embeddable":true,"href":"https:\/\/www.urfabugun.com\/index.php\/wp-json\/wp\/v2\/users\/2"}],"replies":[{"embeddable":true,"href":"https:\/\/www.urfabugun.com\/index.php\/wp-json\/wp\/v2\/comments?post=17936"}],"version-history":[{"count":0,"href":"https:\/\/www.urfabugun.com\/index.php\/wp-json\/wp\/v2\/posts\/17936\/revisions"}],"wp:featuredmedia":[{"embeddable":true,"href":"https:\/\/www.urfabugun.com\/index.php\/wp-json\/wp\/v2\/media\/17938"}],"wp:attachment":[{"href":"https:\/\/www.urfabugun.com\/index.php\/wp-json\/wp\/v2\/media?parent=17936"}],"wp:term":[{"taxonomy":"category","embeddable":true,"href":"https:\/\/www.urfabugun.com\/index.php\/wp-json\/wp\/v2\/categories?post=17936"},{"taxonomy":"post_tag","embeddable":true,"href":"https:\/\/www.urfabugun.com\/index.php\/wp-json\/wp\/v2\/tags?post=17936"},{"taxonomy":"manset","embeddable":true,"href":"https:\/\/www.urfabugun.com\/index.php\/wp-json\/wp\/v2\/manset?post=17936"}],"curies":[{"name":"wp","href":"https:\/\/api.w.org\/{rel}","templated":true}]}}