{"id":17992,"date":"2026-05-01T14:59:24","date_gmt":"2026-05-01T11:59:24","guid":{"rendered":"https:\/\/www.urfabugun.com\/?p=17992"},"modified":"2026-05-01T14:59:28","modified_gmt":"2026-05-01T11:59:28","slug":"sanliurfa-atcilik-camiasinda-kriz-sube-yonetimi-ihrac-edildi-ofisin-tasinmasina-tepki-buyuyor","status":"publish","type":"post","link":"https:\/\/www.urfabugun.com\/index.php\/2026\/05\/01\/sanliurfa-atcilik-camiasinda-kriz-sube-yonetimi-ihrac-edildi-ofisin-tasinmasina-tepki-buyuyor\/","title":{"rendered":"\u015eanl\u0131urfa At\u00e7\u0131l\u0131k Camias\u0131nda Kriz: \u015eube Y\u00f6netimi \u0130hra\u00e7 Edildi, Ofisin Ta\u015f\u0131nmas\u0131na Tepki B\u00fcy\u00fcyor!"},"content":{"rendered":"\n<p><br>\u015eanl\u0131urfa\u2019da at\u00e7\u0131l\u0131k camias\u0131nda ya\u015fanan geli\u015fmeler, kamuoyunda geni\u015f yank\u0131 uyand\u0131rd\u0131. T\u00fcrkiye Yeti\u015ftiriciler ve At Sahipleri Dayan\u0131\u015fma Derne\u011fi (TYAYSD) \u015eanl\u0131urfa \u015eubesi\u2019nde, yakla\u015f\u0131k 30 y\u0131ld\u0131r \u015fehir merkezinde faaliyet g\u00f6steren ofisin ta\u015f\u0131nmak istenmesi ve \u015fube y\u00f6netimine y\u00f6nelik ihra\u00e7 kararlar\u0131 tart\u0131\u015fmalara neden oldu.<br>30 Y\u0131ll\u0131k Ofisin Ta\u015f\u0131nma Karar\u0131 Tepki \u00c7ekti<br>TYAYSD \u015eanl\u0131urfa \u015eubesi\u2019ne ait ve uzun y\u0131llard\u0131r \u015fehir merkezinde hizmet veren ofisin, hipodrom b\u00f6lgesine ta\u015f\u0131nmak istendi\u011fi belirtildi. S\u00f6z konusu ofisin, yaln\u0131zca idari bir alan olmad\u0131\u011f\u0131; at sahipleri ve yeti\u015ftiriciler i\u00e7in \u00f6nemli bir bulu\u015fma noktas\u0131 oldu\u011fu ifade edildi. Ayr\u0131ca ofisin \u0130l Tar\u0131m M\u00fcd\u00fcrl\u00fc\u011f\u00fc\u2019ne yak\u0131n konumunun, camia i\u00e7in kolayl\u0131k sa\u011flad\u0131\u011f\u0131 vurguland\u0131.<br>\u015eube Ba\u015fkan\u0131 Yakup El\u011fa\u00e7, al\u0131nan ta\u015f\u0131nma karar\u0131n\u0131n keyfi oldu\u011funu savunarak, bu ad\u0131m\u0131n \u015eanl\u0131urfa\u2019daki at\u00e7\u0131l\u0131k y\u00f6netimini etkisizle\u015ftirmeye y\u00f6nelik oldu\u011funu \u00f6ne s\u00fcrd\u00fc.<br>Se\u00e7im S\u00fcreci Sonras\u0131 \u0130hra\u00e7 Kararlar\u0131<br>A\u00e7\u0131klamada, 2024 May\u0131s ay\u0131nda ger\u00e7ekle\u015ftirilen se\u00e7imlerin ard\u0131ndan, \u015eanl\u0131urfa \u015eubesi\u2019nin farkl\u0131 bir aday\u0131 desteklemesi gerek\u00e7esiyle \u015eube Ba\u015fkan\u0131 Yakup El\u011fa\u00e7 ve y\u00f6netim kurulu \u00fcyesi Lami Kat\u0131\u2019n\u0131n hedef al\u0131nd\u0131\u011f\u0131 iddia edildi. El\u011fa\u00e7, herhangi bir hukuki ve vicdani dayana\u011f\u0131 bulunmad\u0131\u011f\u0131n\u0131 savundu\u011fu kararlarla ihra\u00e7 edildiklerini belirtti.<br>At Sahiplerinden \u0130mza Kampanyas\u0131<br>Ofisin ta\u015f\u0131nmas\u0131na kar\u015f\u0131 \u00e7\u0131kan \u015eanl\u0131urfal\u0131 at sahipleri ve yeti\u015ftiricilerin imza kampanyas\u0131 ba\u015flatt\u0131\u011f\u0131 \u00f6\u011frenildi. Yakla\u015f\u0131k 400 ki\u015finin imza vererek ofisin \u015fehir merkezinde kalmas\u0131n\u0131 talep etti\u011fi ifade edildi.<br>Ancak iddiaya g\u00f6re, \u0130stanbul\u2019daki genel merkezin bu talepleri dikkate almad\u0131\u011f\u0131 ve imza s\u00fcrecini gerek\u00e7e g\u00f6stererek El\u011fa\u00e7\u2019\u0131 \u201csorunlu\u201d ilan etti\u011fi ileri s\u00fcr\u00fcld\u00fc.<br>\u201cBu Bir \u0130rade Gasp\u0131d\u0131r\u201d<br>Yakup El\u011fa\u00e7, ya\u015fanan s\u00fcreci \u201cbask\u0131 ve cezaland\u0131rma\u201d olarak nitelendirerek, al\u0131nan kararlar\u0131n ne y\u00f6netim anlay\u0131\u015f\u0131yla ne hukukla ne de vicdanla ba\u011fda\u015fmad\u0131\u011f\u0131n\u0131 savundu. \u015eanl\u0131urfa at\u00e7\u0131l\u0131k camias\u0131n\u0131n iradesinin yok say\u0131lamayaca\u011f\u0131n\u0131 belirten El\u011fa\u00e7, kamuoyuna yapt\u0131\u011f\u0131 a\u00e7\u0131klamada s\u00fcrecin takip\u00e7isi olacaklar\u0131n\u0131 ifade etti.<br>Ya\u015fanan geli\u015fmelerin ard\u0131ndan g\u00f6zler TYAYSD Genel Merkezi\u2019nden yap\u0131lacak olas\u0131 a\u00e7\u0131klamaya \u00e7evrildi.<\/p>\n","protected":false},"excerpt":{"rendered":"<p>\u015eanl\u0131urfa\u2019da at\u00e7\u0131l\u0131k camias\u0131nda ya\u015fanan geli\u015fmeler, kamuoyunda geni\u015f yank\u0131 uyand\u0131rd\u0131. T\u00fcrkiye Yeti\u015ftiriciler ve At Sahipleri Dayan\u0131\u015fma Derne\u011fi&#46;&#46;&#46;<\/p>\n","protected":false},"author":2,"featured_media":17994,"comment_status":"open","ping_status":"open","sticky":false,"template":"","format":"standard","meta":{"inline_featured_image":false,"footnotes":""},"categories":[82],"tags":[107],"manset":[],"class_list":["post-17992","post","type-post","status-publish","format-standard","has-post-thumbnail","hentry","category-gundem-haberleri","tag-ub"],"_links":{"self":[{"href":"https:\/\/www.urfabugun.com\/index.php\/wp-json\/wp\/v2\/posts\/17992","targetHints":{"allow":["GET"]}}],"collection":[{"href":"https:\/\/www.urfabugun.com\/index.php\/wp-json\/wp\/v2\/posts"}],"about":[{"href":"https:\/\/www.urfabugun.com\/index.php\/wp-json\/wp\/v2\/types\/post"}],"author":[{"embeddable":true,"href":"https:\/\/www.urfabugun.com\/index.php\/wp-json\/wp\/v2\/users\/2"}],"replies":[{"embeddable":true,"href":"https:\/\/www.urfabugun.com\/index.php\/wp-json\/wp\/v2\/comments?post=17992"}],"version-history":[{"count":1,"href":"https:\/\/www.urfabugun.com\/index.php\/wp-json\/wp\/v2\/posts\/17992\/revisions"}],"predecessor-version":[{"id":17995,"href":"https:\/\/www.urfabugun.com\/index.php\/wp-json\/wp\/v2\/posts\/17992\/revisions\/17995"}],"wp:featuredmedia":[{"embeddable":true,"href":"https:\/\/www.urfabugun.com\/index.php\/wp-json\/wp\/v2\/media\/17994"}],"wp:attachment":[{"href":"https:\/\/www.urfabugun.com\/index.php\/wp-json\/wp\/v2\/media?parent=17992"}],"wp:term":[{"taxonomy":"category","embeddable":true,"href":"https:\/\/www.urfabugun.com\/index.php\/wp-json\/wp\/v2\/categories?post=17992"},{"taxonomy":"post_tag","embeddable":true,"href":"https:\/\/www.urfabugun.com\/index.php\/wp-json\/wp\/v2\/tags?post=17992"},{"taxonomy":"manset","embeddable":true,"href":"https:\/\/www.urfabugun.com\/index.php\/wp-json\/wp\/v2\/manset?post=17992"}],"curies":[{"name":"wp","href":"https:\/\/api.w.org\/{rel}","templated":true}]}}