{"id":1968,"date":"2023-01-22T13:41:40","date_gmt":"2023-01-22T10:41:40","guid":{"rendered":"https:\/\/www.urfabugun.com\/?p=1968"},"modified":"2023-01-22T13:41:42","modified_gmt":"2023-01-22T10:41:42","slug":"aksener-bu-kez-urfadan-meydan-okudu","status":"publish","type":"post","link":"https:\/\/www.urfabugun.com\/index.php\/2023\/01\/22\/aksener-bu-kez-urfadan-meydan-okudu\/","title":{"rendered":"Ak\u015fener Bu Kez Urfa\u2019dan Meydan Okudu!"},"content":{"rendered":"\n<p><\/p>\n\n\n\n<p><\/p>\n\n\n\n<p>\u0130Y\u0130 Parti Genel Ba\u015fkan\u0131 Meral Ak\u015fener, Diyarbak\u0131r\u2019da ger\u00e7ekle\u015fen il kongresinin ard\u0131ndan \u015eanl\u0131urfa\u2019ya geldi. Genel Ba\u015fkan, Mehmet Akif \u0130nan Konferans salonunda \u0130Y\u0130 Parti \u015eanl\u0131urfa \u0130l Ba\u015fkanl\u0131\u011f\u0131n\u0131n 2. Kongresine kat\u0131ld\u0131.<\/p>\n\n\n\n<p>Kongreye Ak\u015fener&#8217;in yan\u0131 s\u0131ra, \u0130yi Parti Genel Ba\u015fkan Ba\u015fdan\u0131\u015fman\u0131 Ahmet E\u015fref Fak\u0131baba\u00a0\u00a0ve 6\u2019l\u0131 masan\u0131n \u00fcyeleri olan siyasi partilerin \u00fcyeleri ve vatanda\u015flar kat\u0131l\u0131m sa\u011flad\u0131.<\/p>\n\n\n\n<figure class=\"wp-block-image size-full\"><img loading=\"lazy\" decoding=\"async\" width=\"640\" height=\"480\" src=\"https:\/\/www.urfabugun.com\/wp-content\/uploads\/2023\/01\/CFDEB0FF-E6E0-4EF9-953A-C6DB3B2B2571.jpeg\" alt=\"\" class=\"wp-image-1970\"\/><\/figure>\n\n\n\n<p><\/p>\n\n\n\n<p>Ak\u015fener, Mehmet Akif \u0130nan konferans salonunda ger\u00e7ekle\u015fen partisinin 2. Ola\u011fan \u0130l Kongresi&#8217;nde, milletin hakl\u0131 ve kararl\u0131 talebiyle T\u00fcrkiye i\u00e7in &#8220;yeni bir \u015feyler s\u00f6yleme vaktidir&#8221; diyerek yola \u00e7\u0131kt\u0131klar\u0131n\u0131 s\u00f6yledi.<\/p>\n","protected":false},"excerpt":{"rendered":"<p>\u0130Y\u0130 Parti Genel Ba\u015fkan\u0131 Meral Ak\u015fener, Diyarbak\u0131r\u2019da ger\u00e7ekle\u015fen il kongresinin ard\u0131ndan \u015eanl\u0131urfa\u2019ya geldi. Genel Ba\u015fkan, Mehmet&#46;&#46;&#46;<\/p>\n","protected":false},"author":2,"featured_media":1971,"comment_status":"open","ping_status":"open","sticky":false,"template":"","format":"standard","meta":{"inline_featured_image":false,"footnotes":""},"categories":[82],"tags":[242,118,131,107],"manset":[],"class_list":["post-1968","post","type-post","status-publish","format-standard","has-post-thumbnail","hentry","category-gundem-haberleri","tag-meral-aksener","tag-sanliurfa","tag-son-dakika","tag-ub"],"_links":{"self":[{"href":"https:\/\/www.urfabugun.com\/index.php\/wp-json\/wp\/v2\/posts\/1968","targetHints":{"allow":["GET"]}}],"collection":[{"href":"https:\/\/www.urfabugun.com\/index.php\/wp-json\/wp\/v2\/posts"}],"about":[{"href":"https:\/\/www.urfabugun.com\/index.php\/wp-json\/wp\/v2\/types\/post"}],"author":[{"embeddable":true,"href":"https:\/\/www.urfabugun.com\/index.php\/wp-json\/wp\/v2\/users\/2"}],"replies":[{"embeddable":true,"href":"https:\/\/www.urfabugun.com\/index.php\/wp-json\/wp\/v2\/comments?post=1968"}],"version-history":[{"count":0,"href":"https:\/\/www.urfabugun.com\/index.php\/wp-json\/wp\/v2\/posts\/1968\/revisions"}],"wp:featuredmedia":[{"embeddable":true,"href":"https:\/\/www.urfabugun.com\/index.php\/wp-json\/wp\/v2\/media\/1971"}],"wp:attachment":[{"href":"https:\/\/www.urfabugun.com\/index.php\/wp-json\/wp\/v2\/media?parent=1968"}],"wp:term":[{"taxonomy":"category","embeddable":true,"href":"https:\/\/www.urfabugun.com\/index.php\/wp-json\/wp\/v2\/categories?post=1968"},{"taxonomy":"post_tag","embeddable":true,"href":"https:\/\/www.urfabugun.com\/index.php\/wp-json\/wp\/v2\/tags?post=1968"},{"taxonomy":"manset","embeddable":true,"href":"https:\/\/www.urfabugun.com\/index.php\/wp-json\/wp\/v2\/manset?post=1968"}],"curies":[{"name":"wp","href":"https:\/\/api.w.org\/{rel}","templated":true}]}}