{"id":2011,"date":"2023-01-24T11:07:46","date_gmt":"2023-01-24T08:07:46","guid":{"rendered":"https:\/\/www.urfabugun.com\/?p=2011"},"modified":"2023-01-26T12:08:13","modified_gmt":"2023-01-26T09:08:13","slug":"eyyubiye-onu-bagrina-basti","status":"publish","type":"post","link":"https:\/\/www.urfabugun.com\/index.php\/2023\/01\/24\/eyyubiye-onu-bagrina-basti\/","title":{"rendered":"Eyy\u00fcbiye Onu Ba\u011fr\u0131na Bast\u0131!"},"content":{"rendered":"\n<p><strong>Mahallelerine yapt\u0131\u011f\u0131 hizmetlerden dolay\u0131 minnettarl\u0131klar\u0131n\u0131 dile getiren mahalle sakinleri, i\u015fyerlerinde a\u011f\u0131rlad\u0131klar\u0131 Ba\u015fkan Ku\u015f\u2019a hediyeler vererek te\u015fekk\u00fcr ettiler.<\/strong><\/p>\n\n\n\n<p>Resmi \u00e7al\u0131\u015fma program\u0131 ve makamdaki mesaisinin d\u0131\u015f\u0131ndaki t\u00fcm vaktini il\u00e7e merkezi ve k\u0131rsalda halkla bulu\u015fmaya, dertlerine \u00e7areler \u00fcretmeye ay\u0131ran Eyy\u00fcbiye Belediye Ba\u015fkan\u0131 Mehmet Ku\u015f, hafta sonu il\u00e7e k\u0131rsal\u0131na yapt\u0131\u011f\u0131 ziyaretlerin ard\u0131ndan bug\u00fcn de Muradiye Mahallesi ve il\u00e7enin en yo\u011fun merkezlerinden Eyy\u00fcp Peygamber Caddesi\u2019nde esnaf ve vatanda\u015flarla bulu\u015ftu.<\/p>\n\n\n\n<p>Belediye Ba\u015fkan Yard\u0131mc\u0131s\u0131 Mehmet Elg\u00fcn ve AK Parti Mahalle Temsilcisi \u0130brahim Ads\u0131z ile birlikte Muradiye Mahallesi\u2019ni ziyaret eden Ba\u015fkan Ku\u015f, y\u00fczlerce esnaf\u0131 i\u015fyerlerinde ziyaret ederek hay\u0131rl\u0131 i\u015fler diledi. Ziyaretinden dolay\u0131 memnuniyet duyan mahalle esnaf\u0131 Ba\u015fkan Ku\u015f\u2019a hediye verip te\u015fekk\u00fcr etti.<\/p>\n\n\n\n<p>Daha \u00f6nce kendisine iletilen talepler hakk\u0131nda kendileriyle isti\u015farelerde bulunan Ba\u015fkan Ku\u015f\u2019a mahalle sakinleri de minnettarl\u0131klar\u0131n\u0131 ifade ettiler.<\/p>\n\n\n\n<p>Eyy\u00fcbiye Belediyesi Sosyal Yard\u0131m \u0130\u015fleri M\u00fcd\u00fcrl\u00fc\u011f\u00fc\u2019nce daha \u00f6nce tespit edilen mahalledeki yetim, \u00f6ks\u00fcz ve kimsesiz ailelerin f\u0131r\u0131nlara olan bor\u00e7lar\u0131n\u0131 da Eyy\u00fcbiye Belediyesi \u0130yilik Merkezi arac\u0131l\u0131\u011f\u0131yla \u00f6deyen Ba\u015fkan Ku\u015f, ihtiya\u00e7 sahibi baz\u0131 aileleri de evlerinde ziyaret ederek taleplerinin yerine getirilmesi i\u00e7in talimat verdi.<\/p>\n","protected":false},"excerpt":{"rendered":"<p>Mahallelerine yapt\u0131\u011f\u0131 hizmetlerden dolay\u0131 minnettarl\u0131klar\u0131n\u0131 dile getiren mahalle sakinleri, i\u015fyerlerinde a\u011f\u0131rlad\u0131klar\u0131 Ba\u015fkan Ku\u015f\u2019a hediyeler vererek te\u015fekk\u00fcr&#46;&#46;&#46;<\/p>\n","protected":false},"author":2,"featured_media":2015,"comment_status":"open","ping_status":"open","sticky":false,"template":"","format":"standard","meta":{"inline_featured_image":false,"footnotes":""},"categories":[82],"tags":[257,255,254,131,107,256],"manset":[],"class_list":["post-2011","post","type-post","status-publish","format-standard","has-post-thumbnail","hentry","category-gundem-haberleri","tag-baskan-kus","tag-esnaf","tag-eyyubiye-2","tag-son-dakika","tag-ub","tag-vatandas"],"_links":{"self":[{"href":"https:\/\/www.urfabugun.com\/index.php\/wp-json\/wp\/v2\/posts\/2011","targetHints":{"allow":["GET"]}}],"collection":[{"href":"https:\/\/www.urfabugun.com\/index.php\/wp-json\/wp\/v2\/posts"}],"about":[{"href":"https:\/\/www.urfabugun.com\/index.php\/wp-json\/wp\/v2\/types\/post"}],"author":[{"embeddable":true,"href":"https:\/\/www.urfabugun.com\/index.php\/wp-json\/wp\/v2\/users\/2"}],"replies":[{"embeddable":true,"href":"https:\/\/www.urfabugun.com\/index.php\/wp-json\/wp\/v2\/comments?post=2011"}],"version-history":[{"count":0,"href":"https:\/\/www.urfabugun.com\/index.php\/wp-json\/wp\/v2\/posts\/2011\/revisions"}],"wp:featuredmedia":[{"embeddable":true,"href":"https:\/\/www.urfabugun.com\/index.php\/wp-json\/wp\/v2\/media\/2015"}],"wp:attachment":[{"href":"https:\/\/www.urfabugun.com\/index.php\/wp-json\/wp\/v2\/media?parent=2011"}],"wp:term":[{"taxonomy":"category","embeddable":true,"href":"https:\/\/www.urfabugun.com\/index.php\/wp-json\/wp\/v2\/categories?post=2011"},{"taxonomy":"post_tag","embeddable":true,"href":"https:\/\/www.urfabugun.com\/index.php\/wp-json\/wp\/v2\/tags?post=2011"},{"taxonomy":"manset","embeddable":true,"href":"https:\/\/www.urfabugun.com\/index.php\/wp-json\/wp\/v2\/manset?post=2011"}],"curies":[{"name":"wp","href":"https:\/\/api.w.org\/{rel}","templated":true}]}}