{"id":2119,"date":"2023-01-27T12:55:18","date_gmt":"2023-01-27T09:55:18","guid":{"rendered":"https:\/\/www.urfabugun.com\/?p=2119"},"modified":"2023-01-27T12:55:19","modified_gmt":"2023-01-27T09:55:19","slug":"baskan-ozaslan-sanliurfanin-kangren-sorununa-degindi","status":"publish","type":"post","link":"https:\/\/www.urfabugun.com\/index.php\/2023\/01\/27\/baskan-ozaslan-sanliurfanin-kangren-sorununa-degindi\/","title":{"rendered":"Ba\u015fkan \u00d6zaslan \u015eanl\u0131urfa\u2019n\u0131n Kangren Sorununa De\u011findi!"},"content":{"rendered":"\n<p><strong>Her hafta Cuma g\u00fcn\u00fc saat 11.11&#8217;de \u015eanl\u0131urfa&#8217;n\u0131n bir sorununu ve bu soruna y\u00f6nelik \u00e7\u00f6z\u00fcm \u00f6nerilerini payla\u015fan H\u00dcDA PAR \u015eanl\u0131urfa \u0130l Ba\u015fkan\u0131 Emin \u00d6zaslan, bu hafta ise kan davalar\u0131n\u0131n olu\u015fturdu\u011fu ma\u011fduriyetlere y\u00f6nelik \u00e7\u00f6z\u00fcm \u00f6nerisini kamuoyu ile payla\u015ft\u0131.<\/strong><\/p>\n\n\n\n<p>Ya\u015fad\u0131\u011f\u0131m\u0131z toplumda ara ara ya\u015fanan ve b\u00fcy\u00fck ma\u011fduriyetlere sebep olan kan davalar\u0131na dikkat \u00e7eken \u00d6zaslan &#8220;H\u00dcDA PAR olarak bu hafta toplumun kanayan yaralar\u0131ndan biri olan kan davalar\u0131n\u0131n olu\u015fturdu\u011fu ma\u011fduriyetler ve buna y\u00f6nelik bir \u00e7\u00f6z\u00fcm \u00f6nerisini konu\u015faca\u011f\u0131z&#8221; dedi.<\/p>\n\n\n\n<p><\/p>\n\n\n\n<figure class=\"wp-block-image size-large\"><img loading=\"lazy\" decoding=\"async\" width=\"1024\" height=\"682\" src=\"https:\/\/www.urfabugun.com\/wp-content\/uploads\/2023\/01\/0809835f-93cf-42cc-b16e-6a45235bec67-1024x682.jpg\" alt=\"\" class=\"wp-image-2122\"\/><\/figure>\n\n\n\n<p><strong>HER G\u00dcN \u00d6LECEKM\u0130\u015e G\u0130B\u0130 YA\u015eIYORSUN<\/strong><\/p>\n\n\n\n<p>Kan davalar\u0131nda b\u00fcy\u00fck s\u0131k\u0131nt\u0131lar ya\u015fayan vatanda\u015flar &#8221; Biz iki defa ya\u015fad\u0131k kan davas\u0131n\u0131. Her g\u00fcn \u00f6lecekmi\u015f gibi ya\u015f\u0131yorsun. Olayla hi\u00e7 alakas\u0131 olmayan insanlar bu darbeyi yiyor ve bu eziyeti g\u00f6r\u00fcyor. Birbirlerini vuruyorlar. Vurulan ki\u015fi vuran ki\u015finin akrabas\u0131n\u0131 su\u00e7suz sebepsiz bir \u015fekilde vuruyor. \u00c7ocuklar\u0131 yetim kal\u0131yor. Adam esnaf, i\u015finde g\u00fcc\u00fcnde ve belki o akrabas\u0131yla konu\u015fmuyor bile. Adam\u0131n olaydan haberi yok, su\u00e7u yok. Oradaki kar\u015f\u0131 taraf gelip adam\u0131n d\u00fckk\u00e2n\u0131nda ona sald\u0131r\u0131yorlar. Bu adam\u0131n su\u00e7u ne? Birilerinin bu i\u015fe dur demesi gerekiyor.<\/p>\n\n\n\n<figure class=\"wp-block-image size-large\"><img loading=\"lazy\" decoding=\"async\" width=\"1024\" height=\"682\" src=\"https:\/\/www.urfabugun.com\/wp-content\/uploads\/2023\/01\/113dce48-3918-45a7-938f-cf5c79361c45-1024x682.jpg\" alt=\"\" class=\"wp-image-2123\"\/><\/figure>\n\n\n\n<p><strong>B\u0130R\u0130S\u0130 B\u0130R OLAY YAPINCA Y\u00dcZLERCE K\u0130\u015e\u0130 ONUNLA B\u0130RL\u0130KTE KANLI SAYILIYOR<\/strong><\/p>\n\n\n\n<p>Biri kanl\u0131 olunca onunla birlikte aile ve akrabalar\u0131 da hepsi kanl\u0131 say\u0131l\u0131yor. Bir insan bir insan\u0131 vurdu\u011fu zaman sadece vuran \u015fah\u0131s kanl\u0131 olsun. Bu i\u015fe bir \u00e7are bulunmal\u0131d\u0131r. Birisi bir olay yap\u0131nca, y\u00fczlerce ki\u015fi onunla birlikte kanl\u0131 say\u0131l\u0131yor. Olay\u0131 yapan \u015fah\u0131s ile ma\u011fdur olan \u015fah\u0131s kendi aralar\u0131nda hukuk m\u00fccadelesi versinler. Devlet (mahkeme) ne karar verirse ona uysunlar. Bu yanl\u0131\u015f\u0131n bir an \u00f6nce toplumdan kald\u0131r\u0131lmas\u0131 laz\u0131md\u0131r. H\u00dcDA PAR \u0130l Ba\u015fkan\u0131 Emin \u00d6zaslan bir \u00e7are bulmak i\u00e7in u\u011fra\u015f veriyor. Allah(cc) kendisinden raz\u0131 olsun&#8221; dediler.<\/p>\n\n\n\n<figure class=\"wp-block-image size-large\"><img loading=\"lazy\" decoding=\"async\" width=\"1024\" height=\"682\" src=\"https:\/\/www.urfabugun.com\/wp-content\/uploads\/2023\/01\/49d4b3cd-af7d-49dd-ba60-115de9b9d5cd-1024x682.jpg\" alt=\"\" class=\"wp-image-2124\"\/><\/figure>\n\n\n\n<p><strong>\u0130NSAN HAYATI KUTSALDIR VE DOKUNULMAZDIR<\/strong><\/p>\n\n\n\n<p>Emin \u00d6zaslan &#8220;Gelin hep beraber bu t\u00fcr durumlara bir ne\u015fter vural\u0131m. Birisi haks\u0131z yere birini \u00f6ld\u00fcrd\u00fc\u011f\u00fc zaman sorumlu sadece katilin kendisi olsun.&nbsp; Bu olay onun akrabalar\u0131na, ailesine ve a\u015firetine te\u015fmil edilmesin ve direkt katilin kendisi muhatap al\u0131ns\u0131n. Hukuk kar\u015f\u0131s\u0131na \u00e7\u0131kar\u0131ls\u0131n. Biliyorsunuz ki hukukta &#8216;su\u00e7un \u015fahsili\u011fi ilkesi&#8217; vard\u0131r.&nbsp; Bu su\u00e7un vebalini onlar\u0131n ailesine ve akrabalar\u0131na yans\u0131tmayal\u0131m. Kendisi bunun cezas\u0131n\u0131 \u00e7eksin. \u00c7\u0131ks\u0131n mahkemeye, cezas\u0131 ne ise als\u0131n,&nbsp; gelsin cezaevinde yats\u0131n. Hukukta destekten yoksun b\u0131rak\u0131lma diye tabir edilen &#8216;tazminat&#8217; bizim \u00f6rfi hukukumuza g\u00f6re kan paras\u0131ndan bahsediyorum. Kan paras\u0131n\u0131 \u00f6deyece\u011fi zaman da direkt katilin kendisi varsa evini, arabas\u0131n\u0131, tarlas\u0131n\u0131, ba\u011f\u0131n\u0131 ve bah\u00e7esini sats\u0131n. Gelip kan paras\u0131n\u0131 da \u00f6desin. B\u00fct\u00fcn akrabalar\u0131 bir araya gelip kendi aralar\u0131nda para toplamas\u0131nlar ki kendisi bu i\u015fin zorlu\u011funu g\u00f6rs\u00fcn ki rahat bir \u015fekilde kimse kimsenin hayat\u0131na kastetmesin. Biliyorsunuz ki insan hayat\u0131 kutsald\u0131r ve dokunulmazd\u0131r&#8221; dedi.<\/p>\n\n\n\n<p>\u00d6zaslan son olarak &#8220;l\u00fctfen gelin hep beraber elimizi ta\u015f\u0131n alt\u0131na koyal\u0131m. Toplum olarak bir karar alal\u0131m. Birisi birini haks\u0131z yere vurdu\u011fu zaman katilin kendisi muhatap al\u0131ns\u0131n ve b\u00fct\u00fcn cezay\u0131 tek ba\u015f\u0131na o \u00e7eksin&#8221; diyerek vicdanlara seslendi.<\/p>\n","protected":false},"excerpt":{"rendered":"<p>Her hafta Cuma g\u00fcn\u00fc saat 11.11&#8217;de \u015eanl\u0131urfa&#8217;n\u0131n bir sorununu ve bu soruna y\u00f6nelik \u00e7\u00f6z\u00fcm \u00f6nerilerini payla\u015fan&#46;&#46;&#46;<\/p>\n","protected":false},"author":2,"featured_media":2121,"comment_status":"open","ping_status":"open","sticky":false,"template":"","format":"standard","meta":{"inline_featured_image":false,"footnotes":""},"categories":[92],"tags":[184,289,288,131,107,130,93],"manset":[],"class_list":["post-2119","post","type-post","status-publish","format-standard","has-post-thumbnail","hentry","category-yasam-haberleri","tag-asayis","tag-emin-ozaslan","tag-kan-davasi","tag-son-dakika","tag-ub","tag-urfa","tag-ust"],"_links":{"self":[{"href":"https:\/\/www.urfabugun.com\/index.php\/wp-json\/wp\/v2\/posts\/2119","targetHints":{"allow":["GET"]}}],"collection":[{"href":"https:\/\/www.urfabugun.com\/index.php\/wp-json\/wp\/v2\/posts"}],"about":[{"href":"https:\/\/www.urfabugun.com\/index.php\/wp-json\/wp\/v2\/types\/post"}],"author":[{"embeddable":true,"href":"https:\/\/www.urfabugun.com\/index.php\/wp-json\/wp\/v2\/users\/2"}],"replies":[{"embeddable":true,"href":"https:\/\/www.urfabugun.com\/index.php\/wp-json\/wp\/v2\/comments?post=2119"}],"version-history":[{"count":0,"href":"https:\/\/www.urfabugun.com\/index.php\/wp-json\/wp\/v2\/posts\/2119\/revisions"}],"wp:featuredmedia":[{"embeddable":true,"href":"https:\/\/www.urfabugun.com\/index.php\/wp-json\/wp\/v2\/media\/2121"}],"wp:attachment":[{"href":"https:\/\/www.urfabugun.com\/index.php\/wp-json\/wp\/v2\/media?parent=2119"}],"wp:term":[{"taxonomy":"category","embeddable":true,"href":"https:\/\/www.urfabugun.com\/index.php\/wp-json\/wp\/v2\/categories?post=2119"},{"taxonomy":"post_tag","embeddable":true,"href":"https:\/\/www.urfabugun.com\/index.php\/wp-json\/wp\/v2\/tags?post=2119"},{"taxonomy":"manset","embeddable":true,"href":"https:\/\/www.urfabugun.com\/index.php\/wp-json\/wp\/v2\/manset?post=2119"}],"curies":[{"name":"wp","href":"https:\/\/api.w.org\/{rel}","templated":true}]}}