{"id":2138,"date":"2023-01-28T11:06:51","date_gmt":"2023-01-28T08:06:51","guid":{"rendered":"https:\/\/www.urfabugun.com\/?p=2138"},"modified":"2023-01-28T11:08:21","modified_gmt":"2023-01-28T08:08:21","slug":"bakanlik-harekete-gecti","status":"publish","type":"post","link":"https:\/\/www.urfabugun.com\/index.php\/2023\/01\/28\/bakanlik-harekete-gecti\/","title":{"rendered":"Bakanl\u0131k Harekete Ge\u00e7ti!"},"content":{"rendered":"\n<p><strong>Sosyal medya fenomeni Selin Ci\u011ferci ve eski e\u015fi G\u00f6khan \u00c7\u0131ra&#8217;n\u0131n evlat edindi\u011fi iddias\u0131 T\u00fcrkiyede herkesi \u015fok etti.<br><\/strong>Sosyal medya fenomeni Selin Ci\u011ferci ve eski e\u015fi G\u00f6khan \u00c7\u0131ra&#8217;n\u0131n evlat edindi\u011fi iddias\u0131 sosyal medyay\u0131 sallad\u0131. Aile ve Sosyal Hizmetler Bakanl\u0131\u011f\u0131, tepki \u00e7eken payla\u015f\u0131mlar\u0131n ard\u0131ndan harekete ge\u00e7ti.<br><strong>&#8220;BA\u015eVURU YAPILMAMI\u015eTIR&#8221;<br><\/strong>Bakanl\u0131ktan yap\u0131lan yaz\u0131l\u0131 a\u00e7\u0131klamada \u015fu ifadelere yer verdi; &#8221;Bas\u0131nda ve sosyal medyada Selin Ci\u011ferci&#8217;nin evlat edindi\u011fine ili\u015fkin haberler ve payla\u015f\u0131mlar yer ald\u0131\u011f\u0131n\u0131 belirtilerek, &#8220;Haberde ismi ge\u00e7en Selin Ci\u011ferci ve eski e\u015fi G\u00f6khan \u00c7\u0131ra taraf\u0131ndan Bakanl\u0131\u011f\u0131m\u0131za evlat edinme konusunda resmi herhangi bir ba\u015fvuru yap\u0131lmam\u0131\u015ft\u0131r. Cumhuriyet Ba\u015fsavc\u0131l\u0131\u011f\u0131na, habere konu iddialar\u0131n ara\u015ft\u0131r\u0131lmas\u0131, olay\u0131n taraf\u0131 olabilecek ilgililer hakk\u0131nda adli soru\u015fturma ve \u00e7ocukla ilgili sosyal inceleme yap\u0131lmas\u0131 ad\u0131na gerekli t\u00fcm tedbirlerin al\u0131nmas\u0131 i\u00e7in ba\u015fvuruda bulunulmu\u015ftur&#8221; ifadeleri kullan\u0131ld\u0131.<\/p>\n","protected":false},"excerpt":{"rendered":"<p>Sosyal medya fenomeni Selin Ci\u011ferci ve eski e\u015fi G\u00f6khan \u00c7\u0131ra&#8217;n\u0131n evlat edindi\u011fi iddias\u0131 T\u00fcrkiyede herkesi \u015fok&#46;&#46;&#46;<\/p>\n","protected":false},"author":2,"featured_media":2140,"comment_status":"open","ping_status":"open","sticky":false,"template":"","format":"standard","meta":{"inline_featured_image":false,"footnotes":""},"categories":[92],"tags":[293,291,131,107],"manset":[],"class_list":["post-2138","post","type-post","status-publish","format-standard","has-post-thumbnail","hentry","category-yasam-haberleri","tag-aile-bakanligi","tag-selin-cigerci","tag-son-dakika","tag-ub"],"_links":{"self":[{"href":"https:\/\/www.urfabugun.com\/index.php\/wp-json\/wp\/v2\/posts\/2138","targetHints":{"allow":["GET"]}}],"collection":[{"href":"https:\/\/www.urfabugun.com\/index.php\/wp-json\/wp\/v2\/posts"}],"about":[{"href":"https:\/\/www.urfabugun.com\/index.php\/wp-json\/wp\/v2\/types\/post"}],"author":[{"embeddable":true,"href":"https:\/\/www.urfabugun.com\/index.php\/wp-json\/wp\/v2\/users\/2"}],"replies":[{"embeddable":true,"href":"https:\/\/www.urfabugun.com\/index.php\/wp-json\/wp\/v2\/comments?post=2138"}],"version-history":[{"count":0,"href":"https:\/\/www.urfabugun.com\/index.php\/wp-json\/wp\/v2\/posts\/2138\/revisions"}],"wp:featuredmedia":[{"embeddable":true,"href":"https:\/\/www.urfabugun.com\/index.php\/wp-json\/wp\/v2\/media\/2140"}],"wp:attachment":[{"href":"https:\/\/www.urfabugun.com\/index.php\/wp-json\/wp\/v2\/media?parent=2138"}],"wp:term":[{"taxonomy":"category","embeddable":true,"href":"https:\/\/www.urfabugun.com\/index.php\/wp-json\/wp\/v2\/categories?post=2138"},{"taxonomy":"post_tag","embeddable":true,"href":"https:\/\/www.urfabugun.com\/index.php\/wp-json\/wp\/v2\/tags?post=2138"},{"taxonomy":"manset","embeddable":true,"href":"https:\/\/www.urfabugun.com\/index.php\/wp-json\/wp\/v2\/manset?post=2138"}],"curies":[{"name":"wp","href":"https:\/\/api.w.org\/{rel}","templated":true}]}}