{"id":2149,"date":"2023-01-29T10:20:48","date_gmt":"2023-01-29T07:20:48","guid":{"rendered":"https:\/\/www.urfabugun.com\/?p=2149"},"modified":"2023-01-29T10:39:15","modified_gmt":"2023-01-29T07:39:15","slug":"meteoroloji-uayrdi20-il-beyaza-burunecek","status":"publish","type":"post","link":"https:\/\/www.urfabugun.com\/index.php\/2023\/01\/29\/meteoroloji-uayrdi20-il-beyaza-burunecek\/","title":{"rendered":"Meteoroloji Uyard\u0131:20 \u0130l Beyaza B\u00fcr\u00fcnecek!"},"content":{"rendered":"\n<p><\/p>\n\n\n\n<p><strong>T\u00fcrkiye&#8217;de beklenen kar haberi geldi. \u00dclke genelini etkisi alt\u0131na alacak kar ya\u011f\u0131\u015f\u0131nda b\u00fcy\u00fck b\u00f6l\u00fcm\u00fcnde g\u00fcnlerce kar ya\u011f\u0131\u015f\u0131 olaca\u011f\u0131 a\u00e7\u0131kland\u0131.<\/strong><\/p>\n\n\n\n<p>K\u0131\u015f mevsiminin yava\u015f yava\u015f etkisini hissettirmeye ba\u015flad\u0131\u011f\u0131 yurtta pazar g\u00fcn\u00fcnden itibaren 5-6 derecelik d\u00fc\u015f\u00fc\u015fler g\u00f6r\u00fclece\u011fi tahmin ediliyor. Baz\u0131 b\u00f6lgelerde yar\u0131ndan itibaren kuvvetli ya\u011f\u0131\u015flar beklenirken Meteoroloji uzman\u0131 Mehmet \u00d6zdemirci, kar\u0131n merakla beklendi\u011fi \u0130stanbul, Ankara ve \u0130zmir i\u00e7in kritik uyar\u0131da bulundu.<\/p>\n\n\n\n<p><strong>METEOROLOJ\u0130\u2019DEN KAR VE SA\u011eANAK UYARISI<\/strong><\/p>\n\n\n\n<p>Yay\u0131nlanan rapora g\u00f6re Marmara\u2019n\u0131n do\u011fusu, \u0130\u00e7 Ege, Akdeniz, \u0130\u00e7 Anadolu, Karadeniz ve Do\u011fu Anadolu ile G\u00fcneydo\u011fu Anadolu\u2019nun kuzey ve do\u011fu kesimlerinin ya\u011f\u0131\u015fl\u0131 ge\u00e7ece\u011fi tahmin ediliyor. Ya\u011f\u0131\u015flar\u0131n; Do\u011fu Anadolu, Do\u011fu Karadeniz\u2019in i\u00e7 kesimleri, \u0130\u00e7 Anadolu\u2019nun do\u011fusunda kar; yurdumuzun k\u0131y\u0131 kesimleri ile \u0130\u00e7 Ege\u2019nin bat\u0131s\u0131nda ve G\u00fcneydo\u011fu\u2019da ya\u011f\u0131\u015f alan yerlerde ya\u011fmur ve sa\u011fanak; di\u011fer yerlerde ya\u011fmur ve karla kar\u0131\u015f\u0131k ya\u011fmur, y\u00fckseklerinde kar \u015feklinde g\u00f6r\u00fclmesi bekleniyor.<\/p>\n\n\n\n<p>Yar\u0131n yurdun kuzey, i\u00e7 ve do\u011fu kesimlerinde s\u0131cakl\u0131klar\u0131n 3-5 derece azalmas\u0131 bekleniyor. Yurdun kuzeybat\u0131 kesimlerinde kuzeyli, di\u011fer yerlerde \u00f6nceleri g\u00fcneyli, zamanla bat\u0131 ve kuzeybat\u0131 y\u00f6nlerden hafif, yer yer orta kuvvette, Orta ve Do\u011fu Karadeniz k\u0131y\u0131lar\u0131nda kuvvetli (40-70 km\/saat) esmesi bekleniyor.<\/p>\n","protected":false},"excerpt":{"rendered":"<p>T\u00fcrkiye&#8217;de beklenen kar haberi geldi. \u00dclke genelini etkisi alt\u0131na alacak kar ya\u011f\u0131\u015f\u0131nda b\u00fcy\u00fck b\u00f6l\u00fcm\u00fcnde g\u00fcnlerce kar&#46;&#46;&#46;<\/p>\n","protected":false},"author":2,"featured_media":2151,"comment_status":"open","ping_status":"closed","sticky":false,"template":"","format":"standard","meta":{"inline_featured_image":false,"footnotes":""},"categories":[92],"tags":[295,219,131,107,93],"manset":[],"class_list":["post-2149","post","type-post","status-publish","format-standard","has-post-thumbnail","hentry","category-yasam-haberleri","tag-kar","tag-meteoroloji","tag-son-dakika","tag-ub","tag-ust"],"_links":{"self":[{"href":"https:\/\/www.urfabugun.com\/index.php\/wp-json\/wp\/v2\/posts\/2149","targetHints":{"allow":["GET"]}}],"collection":[{"href":"https:\/\/www.urfabugun.com\/index.php\/wp-json\/wp\/v2\/posts"}],"about":[{"href":"https:\/\/www.urfabugun.com\/index.php\/wp-json\/wp\/v2\/types\/post"}],"author":[{"embeddable":true,"href":"https:\/\/www.urfabugun.com\/index.php\/wp-json\/wp\/v2\/users\/2"}],"replies":[{"embeddable":true,"href":"https:\/\/www.urfabugun.com\/index.php\/wp-json\/wp\/v2\/comments?post=2149"}],"version-history":[{"count":0,"href":"https:\/\/www.urfabugun.com\/index.php\/wp-json\/wp\/v2\/posts\/2149\/revisions"}],"wp:featuredmedia":[{"embeddable":true,"href":"https:\/\/www.urfabugun.com\/index.php\/wp-json\/wp\/v2\/media\/2151"}],"wp:attachment":[{"href":"https:\/\/www.urfabugun.com\/index.php\/wp-json\/wp\/v2\/media?parent=2149"}],"wp:term":[{"taxonomy":"category","embeddable":true,"href":"https:\/\/www.urfabugun.com\/index.php\/wp-json\/wp\/v2\/categories?post=2149"},{"taxonomy":"post_tag","embeddable":true,"href":"https:\/\/www.urfabugun.com\/index.php\/wp-json\/wp\/v2\/tags?post=2149"},{"taxonomy":"manset","embeddable":true,"href":"https:\/\/www.urfabugun.com\/index.php\/wp-json\/wp\/v2\/manset?post=2149"}],"curies":[{"name":"wp","href":"https:\/\/api.w.org\/{rel}","templated":true}]}}