{"id":2182,"date":"2023-01-29T20:57:05","date_gmt":"2023-01-29T17:57:05","guid":{"rendered":"https:\/\/www.urfabugun.com\/?p=2182"},"modified":"2023-01-30T08:41:47","modified_gmt":"2023-01-30T05:41:47","slug":"yasar-ve-kirmizi-ailelerinin-mutlu-gunu","status":"publish","type":"post","link":"https:\/\/www.urfabugun.com\/index.php\/2023\/01\/29\/yasar-ve-kirmizi-ailelerinin-mutlu-gunu\/","title":{"rendered":"Ya\u015far Ve K\u0131rm\u0131z\u0131 Ailelerinin Mutlu G\u00fcn\u00fc!\u00a0"},"content":{"rendered":"\n<p><\/p>\n\n\n\n<p>D\u00fc\u011f\u00fcne \u015eanl\u0131urfa B\u00fcy\u00fck\u015fehir Belediye Ba\u015fkan\u0131 Zeynel Abidin Beyazg\u00fcl,Ak parti \u0130l Ba\u015fkan\u0131 Abdurrahman K\u0131r\u0131k\u00e7\u0131,Chp \u015eanl\u0131urfa milletvekili Aziz Ayd\u0131nl\u0131k,Karak\u00f6pr\u00fc Belediye Ba\u015fkan\u0131 Metin Baydilli,Hilvan Belediye ba\u015fkan\u0131 Aslan Ali Bay\u0131k,\u015eanl\u0131urfaspor Kul\u00fcp Ba\u015fkan\u0131 Emin Yetim,\u015eanl\u0131urfa Esnaf Sanatkarlar Odas\u0131 ba\u015fkan\u0131 \u0130smail Karacabey,T\u00fcrkiye milletvekiller birli\u011fi ba\u015fkan\u0131 ve Ge\u00e7mi\u015f d\u00f6nem Ak \u015eanl\u0131urfa milletvekili Ramazan Ba\u015fak,Karak\u00f6pr\u00fc Tar\u0131m il\u00e7e m\u00fcd\u00fcr\u00fc \u0130smail \u015eeyhanl\u0131o\u011flu,Ge\u00e7mi\u015f d\u00f6nem Haliliye il\u00e7e belediye ba\u015fkan\u0131 Fevzi Demirkol,Ak parti Haliliye Belediye meclis \u00fcyesi Mehmet Emin Ata\u015f,Ak parti il y\u00f6netim kurulu \u00fcyesi Mustafa Arslan,Sankon \u015eanl\u0131urfa \u015eube Ba\u015fkan\u0131 Re\u015fat Da\u011f,\u0130\u015f adamlar\u0131ndan Cemal \u0130zol,Cihan \u0130zol,Hasan \u0130zol,Bak\u0131r Kama,Necmi Hekimo\u011flu,Yahya Kama,Mehmet Y\u0131lmaz,Fatih Gerger,Mustafa Yavuz,Stk ba\u015fkanlar\u0131,Muhtarlar,Ya\u015far ve K\u0131rm\u0131z\u0131 ailesinin yak\u0131nlar\u0131 d\u00fc\u011f\u00fcne kat\u0131ld\u0131.<\/p>\n\n\n\n<figure class=\"wp-block-image size-large\"><img loading=\"lazy\" decoding=\"async\" width=\"1024\" height=\"683\" src=\"https:\/\/www.urfabugun.com\/wp-content\/uploads\/2023\/01\/D2D3850C-E62E-44FD-9551-DA77123167FF-1024x683.jpeg\" alt=\"\" class=\"wp-image-2185\"\/><\/figure>\n\n\n\n<p><br>D\u00fc\u011f\u00fcne \u015eanl\u0131urfa B\u00fcy\u00fck\u015fehir Belediye Ba\u015fkan\u0131 Zeynel Abidin Beyazg\u00fcl,Ak parti \u0130l Ba\u015fkan\u0131 Abdurrahman K\u0131r\u0131k\u00e7\u0131,Chp \u015eanl\u0131urfa milletvekili Aziz Ayd\u0131nl\u0131k,Karak\u00f6pr\u00fc Belediye Ba\u015fkan\u0131 Metin Baydilli,Hilvan Belediye ba\u015fkan\u0131 Aslan Ali Bay\u0131k,\u015eanl\u0131urfaspor Kul\u00fcp Ba\u015fkan\u0131 Emin Yetim,\u015eanl\u0131urfa Esnaf Sanatkarlar Odas\u0131 ba\u015fkan\u0131 \u0130smail Karacabey,T\u00fcrkiye milletvekiller birli\u011fi ba\u015fkan\u0131 ve Ge\u00e7mi\u015f d\u00f6nem Ak \u015eanl\u0131urfa milletvekili Ramazan Ba\u015fak,Karak\u00f6pr\u00fc Tar\u0131m il\u00e7e m\u00fcd\u00fcr\u00fc \u0130smail \u015eeyhanl\u0131o\u011flu,Ge\u00e7mi\u015f d\u00f6nem Haliliye il\u00e7e belediye ba\u015fkan\u0131 Fevzi Demirkol,Ak parti Haliliye Belediye meclis \u00fcyesi Mehmet Emin Ata\u015f,Ak parti il y\u00f6netim kurulu \u00fcyesi Mustafa Arslan,Sankon \u015eanl\u0131urfa \u015eube Ba\u015fkan\u0131 Re\u015fat Da\u011f,\u0130\u015f adamlar\u0131ndan Cemal \u0130zol,Cihan \u0130zol,Hasan \u0130zol,Bak\u0131r Kama,Necmi Hekimo\u011flu,Yahya Kama,Mehmet Y\u0131lmaz,Fatih Gerger,Mustafa Yavuz,yak\u0131nlar\u0131 d\u00fc\u011f\u00fcne kat\u0131ld\u0131.<\/p>\n\n\n\n<figure class=\"wp-block-image size-large\"><img loading=\"lazy\" decoding=\"async\" width=\"1024\" height=\"683\" src=\"https:\/\/www.urfabugun.com\/wp-content\/uploads\/2023\/01\/E2A4BBAB-42C5-4775-86ED-43BD54E23DA6-1024x683.jpeg\" alt=\"\" class=\"wp-image-2186\"\/><\/figure>\n\n\n\n<p>Mevl\u00fctl\u00fc d\u00fc\u011f\u00fcnde Nikah t\u00f6renine ge\u00e7ildi.Nikah\u0131 \u015eanl\u0131urfa B\u00fcy\u00fck\u015fehir Belediye Ba\u015fkan\u0131 Zeynel Abidin Beyazg\u00fcl k\u0131yd\u0131.Nikah \u015fahitli\u011fini Ak parti \u015eanl\u0131urfa il Ba\u015fkan\u0131 Abdurrahman K\u0131r\u0131k\u00e7\u0131,Chp \u015eanl\u0131urfa milletvekili Aziz Ayd\u0131nl\u0131k,Karak\u00f6pr\u00fc Belediye Ba\u015fkan\u0131 Metin Baydilli,Hilvan Belediye ba\u015fkan\u0131 Aslan Ali Bay\u0131k,T\u00fcrkiye milletvekiller birli\u011fi ba\u015fkan\u0131 Ramazan Ba\u015fak,Ge\u00e7mi\u015f d\u00f6nem Haliliye Belediye Ba\u015fkan\u0131 Fevzi Demirkol,\u0130\u015f adamlar\u0131ndan Cemal izol,Cihan \u0130zol ve Mustafa Yavuz nikah \u015fahitli\u011fini yapt\u0131lar.<\/p>\n\n\n\n<p>D\u00fc\u011f\u00fcnde \u0130\u015f adam\u0131 Abdurahman Ya\u015far sitemize yapt\u0131\u011f\u0131 a\u00e7\u0131klamada \u00f6ncelikle bu mutlu g\u00fcn\u00fcm\u00fczde bizleri yaln\u0131z b\u0131rakmayan \u00e7ok de\u011ferli dostlar\u0131m\u0131za ve akrabalar\u0131m\u0131za \u00e7ok te\u015fekk\u00fcr ederim.O\u011flum Ebubekir ve gelinim Fatma\u2019ya bir \u00f6m\u00fcr boyu mutluluklar dilerim dedi.<\/p>\n\n\n\n<figure class=\"wp-block-image size-large\"><img loading=\"lazy\" decoding=\"async\" width=\"1024\" height=\"683\" src=\"https:\/\/www.urfabugun.com\/wp-content\/uploads\/2023\/01\/6D35E46B-756F-431F-84A5-2CDB652F4DFE-1024x683.jpeg\" alt=\"\" class=\"wp-image-2187\"\/><\/figure>\n\n\n\n<p><\/p>\n\n\n\n<p>D\u00fc\u011f\u00fcn sonunda davetli misafirler gen\u00e7 \u00e7iftlerle hat\u0131ra foto\u011fraf\u0131 \u00e7ekerek konvoy \u015feklinde sona erdi.Bizlerde urfabugun.com ailesi olarak Ya\u015far ve K\u0131rm\u0131z\u0131 ailesine hay\u0131rl\u0131 u\u011furlu olmas\u0131n\u0131 cenab\u0131 Allah\u2019tan niyaz ederiz.<\/p>\n","protected":false},"excerpt":{"rendered":"<p>D\u00fc\u011f\u00fcne \u015eanl\u0131urfa B\u00fcy\u00fck\u015fehir Belediye Ba\u015fkan\u0131 Zeynel Abidin Beyazg\u00fcl,Ak parti \u0130l Ba\u015fkan\u0131 Abdurrahman K\u0131r\u0131k\u00e7\u0131,Chp \u015eanl\u0131urfa milletvekili Aziz&#46;&#46;&#46;<\/p>\n","protected":false},"author":2,"featured_media":2184,"comment_status":"open","ping_status":"open","sticky":false,"template":"","format":"standard","meta":{"inline_featured_image":false,"footnotes":""},"categories":[92],"tags":[118,131,107],"manset":[],"class_list":["post-2182","post","type-post","status-publish","format-standard","has-post-thumbnail","hentry","category-yasam-haberleri","tag-sanliurfa","tag-son-dakika","tag-ub"],"_links":{"self":[{"href":"https:\/\/www.urfabugun.com\/index.php\/wp-json\/wp\/v2\/posts\/2182","targetHints":{"allow":["GET"]}}],"collection":[{"href":"https:\/\/www.urfabugun.com\/index.php\/wp-json\/wp\/v2\/posts"}],"about":[{"href":"https:\/\/www.urfabugun.com\/index.php\/wp-json\/wp\/v2\/types\/post"}],"author":[{"embeddable":true,"href":"https:\/\/www.urfabugun.com\/index.php\/wp-json\/wp\/v2\/users\/2"}],"replies":[{"embeddable":true,"href":"https:\/\/www.urfabugun.com\/index.php\/wp-json\/wp\/v2\/comments?post=2182"}],"version-history":[{"count":0,"href":"https:\/\/www.urfabugun.com\/index.php\/wp-json\/wp\/v2\/posts\/2182\/revisions"}],"wp:featuredmedia":[{"embeddable":true,"href":"https:\/\/www.urfabugun.com\/index.php\/wp-json\/wp\/v2\/media\/2184"}],"wp:attachment":[{"href":"https:\/\/www.urfabugun.com\/index.php\/wp-json\/wp\/v2\/media?parent=2182"}],"wp:term":[{"taxonomy":"category","embeddable":true,"href":"https:\/\/www.urfabugun.com\/index.php\/wp-json\/wp\/v2\/categories?post=2182"},{"taxonomy":"post_tag","embeddable":true,"href":"https:\/\/www.urfabugun.com\/index.php\/wp-json\/wp\/v2\/tags?post=2182"},{"taxonomy":"manset","embeddable":true,"href":"https:\/\/www.urfabugun.com\/index.php\/wp-json\/wp\/v2\/manset?post=2182"}],"curies":[{"name":"wp","href":"https:\/\/api.w.org\/{rel}","templated":true}]}}