{"id":2198,"date":"2023-01-30T08:59:23","date_gmt":"2023-01-30T05:59:23","guid":{"rendered":"https:\/\/www.urfabugun.com\/?p=2198"},"modified":"2023-01-30T08:59:24","modified_gmt":"2023-01-30T05:59:24","slug":"yagislar-etkisini-gosteriyor-iste-urfa-icin-son-tahminler","status":"publish","type":"post","link":"https:\/\/www.urfabugun.com\/index.php\/2023\/01\/30\/yagislar-etkisini-gosteriyor-iste-urfa-icin-son-tahminler\/","title":{"rendered":"Ya\u011f\u0131\u015flar Etkisini G\u00f6steriyor: \u0130\u015fte Urfa \u0130\u00e7in Son Tahminler!"},"content":{"rendered":"\n<p><\/p>\n\n\n\n<p><strong>Meteoroloji Genel m\u00fcd\u00fcrl\u00fc\u011f\u00fcn\u00fcn g\u00fcncel verilere g\u00f6re \u015eanl\u0131urfa\u2019da hava durumu tahminleri a\u00e7\u0131klad\u0131.<\/strong><\/p>\n\n\n\n<p>Meteoroloji Genel M\u00fcd\u00fcrl\u00fc\u011f\u00fc, taraf\u0131ndan periyodik olarak g\u00fcncellenen Hava Durumu verileri, \u00f6l\u00e7\u00fcm an\u0131ndaki tahmini durumlara dayal\u0131d\u0131r. Bu sebeple, tahminlerin anl\u0131k olarak takip edilmesi ayr\u0131ca fayda getirir.<\/p>\n\n\n\n<p>T\u00fcrkiye k\u0131\u015f mevsimine girdi\u011finden beri mevsim normallerinin \u00fczerinde s\u0131cakl\u0131kla kar\u015f\u0131la\u015f\u0131rken, Meteoroloji&#8217;den hafta sonu i\u00e7in uyar\u0131lar pe\u015f pe\u015fe geldi. Hafta sonu yurdun b\u00fcy\u00fck bir b\u00f6l\u00fcm\u00fc karl\u0131 ve ya\u011fmurlu havan\u0131n etkisi alt\u0131na girerken hafta i\u00e7i son durum ne?<\/p>\n\n\n\n<p>Meteoroloji Genel M\u00fcd\u00fcrl\u00fc\u011f\u00fc \u015eanl\u0131urfa\u2019n\u0131n hava tahminlerini a\u00e7\u0131klad\u0131.<\/p>\n\n\n\n<p>Meteorolojiden gelen bilgilere g\u00f6re Haftan\u0131n ilk g\u00fcn\u00fc pazartesi en d\u00fc\u015f\u00fck 5, en y\u00fcksek ise 9 derece, Sal\u0131 Hava ya\u011fmurlu olacak, s\u0131cakl\u0131k de\u011ferleri en d\u00fc\u015f\u00fck 5, en y\u00fcksek ise 10 derece olmas\u0131 bekleniyor. Haftan\u0131n ortas\u0131nda ya\u011fmur etkisini art\u0131yor en d\u00fc\u015f\u00fck 3, en y\u00fcksek ise 8 derece, ya\u011fmurlu hava Per\u015fembe g\u00fcn\u00fc yerini bulutlu havaya b\u0131rak\u0131rken en d\u00fc\u015f\u00fck 4, en y\u00fcksek ise 9 derece, haftan\u0131n son g\u00fcn\u00fc Cuma g\u00fcn\u00fc Hava \u00e7ok bulutlu olacak, s\u0131cakl\u0131k de\u011ferleri en d\u00fc\u015f\u00fck 0, en y\u00fcksek ise 7 derece olmas\u0131 bekleniyor.<\/p>\n","protected":false},"excerpt":{"rendered":"<p>Meteoroloji Genel m\u00fcd\u00fcrl\u00fc\u011f\u00fcn\u00fcn g\u00fcncel verilere g\u00f6re \u015eanl\u0131urfa\u2019da hava durumu tahminleri a\u00e7\u0131klad\u0131. Meteoroloji Genel M\u00fcd\u00fcrl\u00fc\u011f\u00fc, taraf\u0131ndan periyodik&#46;&#46;&#46;<\/p>\n","protected":false},"author":2,"featured_media":2200,"comment_status":"open","ping_status":"open","sticky":false,"template":"","format":"standard","meta":{"inline_featured_image":false,"footnotes":""},"categories":[92],"tags":[108,312,131,107,93],"manset":[],"class_list":["post-2198","post","type-post","status-publish","format-standard","has-post-thumbnail","hentry","category-yasam-haberleri","tag-hava-durumu","tag-sanliurfa-hava-durmu","tag-son-dakika","tag-ub","tag-ust"],"_links":{"self":[{"href":"https:\/\/www.urfabugun.com\/index.php\/wp-json\/wp\/v2\/posts\/2198","targetHints":{"allow":["GET"]}}],"collection":[{"href":"https:\/\/www.urfabugun.com\/index.php\/wp-json\/wp\/v2\/posts"}],"about":[{"href":"https:\/\/www.urfabugun.com\/index.php\/wp-json\/wp\/v2\/types\/post"}],"author":[{"embeddable":true,"href":"https:\/\/www.urfabugun.com\/index.php\/wp-json\/wp\/v2\/users\/2"}],"replies":[{"embeddable":true,"href":"https:\/\/www.urfabugun.com\/index.php\/wp-json\/wp\/v2\/comments?post=2198"}],"version-history":[{"count":0,"href":"https:\/\/www.urfabugun.com\/index.php\/wp-json\/wp\/v2\/posts\/2198\/revisions"}],"wp:featuredmedia":[{"embeddable":true,"href":"https:\/\/www.urfabugun.com\/index.php\/wp-json\/wp\/v2\/media\/2200"}],"wp:attachment":[{"href":"https:\/\/www.urfabugun.com\/index.php\/wp-json\/wp\/v2\/media?parent=2198"}],"wp:term":[{"taxonomy":"category","embeddable":true,"href":"https:\/\/www.urfabugun.com\/index.php\/wp-json\/wp\/v2\/categories?post=2198"},{"taxonomy":"post_tag","embeddable":true,"href":"https:\/\/www.urfabugun.com\/index.php\/wp-json\/wp\/v2\/tags?post=2198"},{"taxonomy":"manset","embeddable":true,"href":"https:\/\/www.urfabugun.com\/index.php\/wp-json\/wp\/v2\/manset?post=2198"}],"curies":[{"name":"wp","href":"https:\/\/api.w.org\/{rel}","templated":true}]}}