{"id":2236,"date":"2023-01-31T13:42:41","date_gmt":"2023-01-31T10:42:41","guid":{"rendered":"https:\/\/www.urfabugun.com\/?p=2236"},"modified":"2023-01-31T13:42:42","modified_gmt":"2023-01-31T10:42:42","slug":"baskan-yavuz-taziye-yemegi-gelenegi-kaldirilsin-dedi","status":"publish","type":"post","link":"https:\/\/www.urfabugun.com\/index.php\/2023\/01\/31\/baskan-yavuz-taziye-yemegi-gelenegi-kaldirilsin-dedi\/","title":{"rendered":"Ba\u015fkan Yavuz Taziye Yeme\u011fi Gelene\u011fi Kald\u0131r\u0131ls\u0131n Dedi!"},"content":{"rendered":"\n<p><br><strong>Suru\u00e7&#8217;ta baz\u0131 taziye evlerindeki yemek da\u011f\u0131t\u0131m\u0131n\u0131n kalkmas\u0131 i\u00e7in \u00e7a\u011fr\u0131da bulunan \u015eehit Aileler Dernek Ba\u015fkan\u0131 Mehmet Yavuz Suru\u00e7&#8217;ta \u201dKaymakaml\u0131k bu uygulamaya yasaklama karar\u0131 getirsin\u201d dedi.<\/strong><br>Suru\u00e7&#8217;ta ma\u011fduriyete yol a\u00e7an taziye yemekleri uygulamas\u0131 baz\u0131 yerlerde tekrar ba\u015flad\u0131. Taziye yeme\u011fi gelene\u011finin yasaklanmas\u0131 i\u00e7in \u015eanl\u0131urfa \u015eehit Aileler Dernek Ba\u015fkan\u0131 Mehmet Yavuz konuyla ilgili a\u00e7\u0131klamada bulundu.<br>Yavuz yapt\u0131\u011f\u0131 yaz\u0131l\u0131 a\u00e7\u0131klamada, \u201dSon y\u0131llarda yayg\u0131nla\u015fan taziye yeme\u011fi gelene\u011fi, b\u00f6lgemizde \u00f6zellikle kat\u0131lan ki\u015fi say\u0131s\u0131 baz al\u0131nd\u0131\u011f\u0131nda, cenaze sahipleri i\u00e7in olduk\u00e7a k\u00f6t\u00fc bir tablo olu\u015fturmaktad\u0131r. Bu tablo; Maddi durumu k\u00f6t\u00fc olan vatanda\u015flar\u0131m\u0131z\u0131 taziye yeme\u011fi i\u00e7in bor\u00e7 alma veya kredi \u00e7ekme durumuna bile sokmaktad\u0131r. Cenazelerde bizlere d\u00fc\u015fen g\u00f6rev; ac\u0131s\u0131n\u0131 taze ya\u015fayan cenaze sahiplerinden yemek\/ikram beklentisine girmeden, kendilerini bu psikolojik mahcubiyete ve maddi kayg\u0131ya sokmadan dua okumak, ba\u015fsa\u011fl\u0131\u011f\u0131 dilemek ve vazifemizi yapt\u0131ktan sonra ordan ayr\u0131lmakt\u0131r\u2019\u2019dedi.<\/p>\n","protected":false},"excerpt":{"rendered":"<p>Suru\u00e7&#8217;ta baz\u0131 taziye evlerindeki yemek da\u011f\u0131t\u0131m\u0131n\u0131n kalkmas\u0131 i\u00e7in \u00e7a\u011fr\u0131da bulunan \u015eehit Aileler Dernek Ba\u015fkan\u0131 Mehmet Yavuz&#46;&#46;&#46;<\/p>\n","protected":false},"author":2,"featured_media":0,"comment_status":"open","ping_status":"open","sticky":false,"template":"","format":"standard","meta":{"inline_featured_image":false,"footnotes":""},"categories":[92],"tags":[323,324,118,131,322,107,93],"manset":[],"class_list":["post-2236","post","type-post","status-publish","format-standard","hentry","category-yasam-haberleri","tag-baskan-yavuz","tag-mehmet-yavuz","tag-sanliurfa","tag-son-dakika","tag-taziye","tag-ub","tag-ust"],"_links":{"self":[{"href":"https:\/\/www.urfabugun.com\/index.php\/wp-json\/wp\/v2\/posts\/2236","targetHints":{"allow":["GET"]}}],"collection":[{"href":"https:\/\/www.urfabugun.com\/index.php\/wp-json\/wp\/v2\/posts"}],"about":[{"href":"https:\/\/www.urfabugun.com\/index.php\/wp-json\/wp\/v2\/types\/post"}],"author":[{"embeddable":true,"href":"https:\/\/www.urfabugun.com\/index.php\/wp-json\/wp\/v2\/users\/2"}],"replies":[{"embeddable":true,"href":"https:\/\/www.urfabugun.com\/index.php\/wp-json\/wp\/v2\/comments?post=2236"}],"version-history":[{"count":0,"href":"https:\/\/www.urfabugun.com\/index.php\/wp-json\/wp\/v2\/posts\/2236\/revisions"}],"wp:attachment":[{"href":"https:\/\/www.urfabugun.com\/index.php\/wp-json\/wp\/v2\/media?parent=2236"}],"wp:term":[{"taxonomy":"category","embeddable":true,"href":"https:\/\/www.urfabugun.com\/index.php\/wp-json\/wp\/v2\/categories?post=2236"},{"taxonomy":"post_tag","embeddable":true,"href":"https:\/\/www.urfabugun.com\/index.php\/wp-json\/wp\/v2\/tags?post=2236"},{"taxonomy":"manset","embeddable":true,"href":"https:\/\/www.urfabugun.com\/index.php\/wp-json\/wp\/v2\/manset?post=2236"}],"curies":[{"name":"wp","href":"https:\/\/api.w.org\/{rel}","templated":true}]}}