{"id":2515,"date":"2023-02-08T12:19:36","date_gmt":"2023-02-08T09:19:36","guid":{"rendered":"https:\/\/www.urfabugun.com\/?p=2515"},"modified":"2023-02-08T12:19:37","modified_gmt":"2023-02-08T09:19:37","slug":"beyazgul-zor-gunleri-dayanisma-icerisinde-asacagiz","status":"publish","type":"post","link":"https:\/\/www.urfabugun.com\/index.php\/2023\/02\/08\/beyazgul-zor-gunleri-dayanisma-icerisinde-asacagiz\/","title":{"rendered":"<strong>Beyazg\u00fcl, Zor G\u00fcnleri Dayan\u0131\u015fma \u0130\u00e7erisinde A\u015faca\u011f\u0131z!<\/strong>"},"content":{"rendered":"\n<p><\/p>\n\n\n\n<p><\/p>\n\n\n\n<p><strong>Merkez \u00fcss\u00fc Kahramanmara\u015f olan ve \u015eanl\u0131urfa d\u00e2hil 10 ili etkileyen 7,7\u2019lik deprem dolay\u0131s\u0131yla bir yandan arama kurtarma \u00e7al\u0131\u015fmalar\u0131 devam ederken di\u011fer yandan hasar g\u00f6ren evlerinden \u00e7\u0131kmak zorunda kalan vatanda\u015flar\u0131n yaralar\u0131 bir nebze de olsa sar\u0131lmaya \u00e7al\u0131\u015f\u0131l\u0131yor.<\/strong><\/p>\n\n\n\n<p>\u015eanl\u0131urfa B\u00fcy\u00fck\u015fehir Belediye Ba\u015fkan\u0131 Zeynel Abidin Beyazg\u00fcl de depremin oldu\u011fu ilk anlardan itibaren gerek sahada gerekse vatanda\u015flar\u0131n temel ihtiya\u00e7lar\u0131n\u0131n kar\u015f\u0131lanmas\u0131 noktas\u0131nda \u015eanl\u0131urfa Valili\u011fi koordinesinde \u00e7al\u0131\u015fmalar\u0131 yak\u0131ndan takip ediyor.<\/p>\n\n\n\n<figure class=\"wp-block-image size-large\"><img loading=\"lazy\" decoding=\"async\" width=\"1024\" height=\"683\" src=\"https:\/\/www.urfabugun.com\/wp-content\/uploads\/2023\/02\/FF869F5E-5936-4FA1-AEF6-A832841A59E4-1024x683.jpeg\" alt=\"\" class=\"wp-image-2518\"\/><\/figure>\n\n\n\n<p><\/p>\n\n\n\n<p><strong>BA\u015eKAN BEYAZG\u00dcL, \u201cFUAR MERKEZ\u0130NDE \u0130K\u0130 MOB\u0130L \u00c7ORBA EV\u0130 KURUYORUZ\u201d<\/strong><\/p>\n\n\n\n<p>B\u00fcy\u00fck\u015fehir Belediyesine ait alanlarda \u00e7orba yap\u0131m \u00e7al\u0131\u015fmalar\u0131n\u0131 yerinde inceleyen Ba\u015fkan Beyazg\u00fcl \u015fuana kadar 220 bin vatanda\u015fa s\u0131cak \u00e7orba ula\u015ft\u0131r\u0131ld\u0131\u011f\u0131n\u0131 belirterek \u00fcretimin art\u0131r\u0131laca\u011f\u0131n\u0131 vatanda\u015flar\u0131n konaklad\u0131\u011f\u0131 \u015eanl\u0131urfa Fuar Merkezine de bir mobil \u00e7orba evi kurulaca\u011f\u0131n\u0131 kaydetti.<\/p>\n\n\n\n<p>Ba\u015fkan Beyazg\u00fcl, \u201c Belirlenen noktalarda belediyemiz b\u00fcnyesinde \u00e7orba \u00fcretiyoruz. Sa\u011fl\u0131k ve Sosyal Hizmetleri Daire Ba\u015fkanl\u0131\u011f\u0131 arac\u0131l\u0131\u011f\u0131yla da da\u011f\u0131t\u0131mlar\u0131n\u0131 yap\u0131yoruz. \u00c7orba da\u011f\u0131t\u0131m\u0131na hi\u00e7 ara vermedik 220 bin vatanda\u015f\u0131m\u0131za \u00e7orba ula\u015ft\u0131rd\u0131k. Bu say\u0131y\u0131 art\u0131rmam\u0131z gerekiyor. Yar\u0131n da kapasiteyi art\u0131raca\u011f\u0131z ve \u015eanl\u0131urfa Fuar Merkezine de 2 adet mobil \u00e7orba evi kuraca\u011f\u0131z. Vatanda\u015flar\u0131m\u0131za daha fazla yeti\u015febilmek i\u00e7in gayret i\u00e7erisindeyiz. Ba\u015fta \u015eanl\u0131urfal\u0131 hem\u015fehrilerim olmak \u00fczere t\u00fcm T\u00fcrkiye\u2019ye ge\u00e7mi\u015f olsun. \u0130n\u015fallah bu felaket geride kalm\u0131\u015ft\u0131r. Bundan sonra olmas\u0131 gereken birlik ve beraberlik i\u00e7erisinde, dayan\u0131\u015fma i\u00e7erisinde g\u00fc\u00e7 birli\u011fi i\u00e7erisinde yolumuza devam etmek olacakt\u0131r. \u0130n\u015fallah bir daha b\u00f6yle felaketleri ya\u015famay\u0131z. Tekrar herkese ge\u00e7mi\u015f olsun diyor depremde hayat\u0131n\u0131 kaybeden vatanda\u015flar\u0131m\u0131za Allah&#8217;tan rahmet diliyorum.\u201d \u0130fadelerine yer verdi.<\/p>\n\n\n\n<p>Ba\u015fkan Beyazg\u00fcl \u015eanl\u0131urfa Fuar Merkezini de ziyaret ederek vatanda\u015flarla yak\u0131ndan ilgilendi. Vatanda\u015flar\u0131n taleplerini dinleyen Ba\u015fkan Beyazg\u00fcl el birli\u011fi ile bu g\u00fcnleri geride b\u0131rakaca\u011f\u0131z dedi.<\/p>\n","protected":false},"excerpt":{"rendered":"<p>Merkez \u00fcss\u00fc Kahramanmara\u015f olan ve \u015eanl\u0131urfa d\u00e2hil 10 ili etkileyen 7,7\u2019lik deprem dolay\u0131s\u0131yla bir yandan arama&#46;&#46;&#46;<\/p>\n","protected":false},"author":2,"featured_media":2517,"comment_status":"open","ping_status":"open","sticky":false,"template":"","format":"standard","meta":{"inline_featured_image":false,"footnotes":""},"categories":[92],"tags":[178,118,131,139,107,93,173],"manset":[],"class_list":["post-2515","post","type-post","status-publish","format-standard","has-post-thumbnail","hentry","category-yasam-haberleri","tag-deprem","tag-sanliurfa","tag-son-dakika","tag-sondakika","tag-ub","tag-ust","tag-zeynel-abidin-beyazgul"],"_links":{"self":[{"href":"https:\/\/www.urfabugun.com\/index.php\/wp-json\/wp\/v2\/posts\/2515","targetHints":{"allow":["GET"]}}],"collection":[{"href":"https:\/\/www.urfabugun.com\/index.php\/wp-json\/wp\/v2\/posts"}],"about":[{"href":"https:\/\/www.urfabugun.com\/index.php\/wp-json\/wp\/v2\/types\/post"}],"author":[{"embeddable":true,"href":"https:\/\/www.urfabugun.com\/index.php\/wp-json\/wp\/v2\/users\/2"}],"replies":[{"embeddable":true,"href":"https:\/\/www.urfabugun.com\/index.php\/wp-json\/wp\/v2\/comments?post=2515"}],"version-history":[{"count":0,"href":"https:\/\/www.urfabugun.com\/index.php\/wp-json\/wp\/v2\/posts\/2515\/revisions"}],"wp:featuredmedia":[{"embeddable":true,"href":"https:\/\/www.urfabugun.com\/index.php\/wp-json\/wp\/v2\/media\/2517"}],"wp:attachment":[{"href":"https:\/\/www.urfabugun.com\/index.php\/wp-json\/wp\/v2\/media?parent=2515"}],"wp:term":[{"taxonomy":"category","embeddable":true,"href":"https:\/\/www.urfabugun.com\/index.php\/wp-json\/wp\/v2\/categories?post=2515"},{"taxonomy":"post_tag","embeddable":true,"href":"https:\/\/www.urfabugun.com\/index.php\/wp-json\/wp\/v2\/tags?post=2515"},{"taxonomy":"manset","embeddable":true,"href":"https:\/\/www.urfabugun.com\/index.php\/wp-json\/wp\/v2\/manset?post=2515"}],"curies":[{"name":"wp","href":"https:\/\/api.w.org\/{rel}","templated":true}]}}