{"id":2520,"date":"2023-02-08T20:54:10","date_gmt":"2023-02-08T17:54:10","guid":{"rendered":"https:\/\/www.urfabugun.com\/?p=2520"},"modified":"2023-02-08T20:54:12","modified_gmt":"2023-02-08T17:54:12","slug":"beyazgulbu-sikintili-gunleri-atlatacagiz","status":"publish","type":"post","link":"https:\/\/www.urfabugun.com\/index.php\/2023\/02\/08\/beyazgulbu-sikintili-gunleri-atlatacagiz\/","title":{"rendered":"<strong>Beyazg\u00fcl,Bu S\u0131k\u0131nt\u0131l\u0131 G\u00fcnleri Atlataca\u011f\u0131z!<\/strong>"},"content":{"rendered":"\n<figure class=\"wp-block-image size-large is-resized\"><img loading=\"lazy\" decoding=\"async\" src=\"https:\/\/www.urfabugun.com\/wp-content\/uploads\/2023\/02\/242CA18A-23DC-45CD-982A-3E2F4439521D-1024x683.jpeg\" alt=\"\" class=\"wp-image-2524\" width=\"338\" height=\"225\"\/><\/figure>\n\n\n\n<p><\/p>\n\n\n\n<p><strong>Depremin vurdu\u011fu \u015eanl\u0131urfa\u2019da enkaz alt\u0131nda kalanlar\u0131n kurtar\u0131lmas\u0131na y\u00f6nelik \u00e7al\u0131\u015fmalar devam ediyor. \u015eanl\u0131urfa B\u00fcy\u00fck\u015fehir Belediye Ba\u015fkan\u0131 Zeynel Abidin Beyazg\u00fcl, Erzurum B\u00fcy\u00fck\u015fehir Belediye Ba\u015fkan\u0131 Mehmet Sekmen ile birlikte enkaz alan\u0131nda incelemelerde bulundu.<\/strong><\/p>\n\n\n\n<p><\/p>\n\n\n\n<p><\/p>\n\n\n\n<p>T\u00fcm kurumlar\u0131n koordinasyonuyla ger\u00e7ekle\u015fen arama ve kurtarma faaliyetlerini inceleyen Ba\u015fkan Beyazg\u00fcl ile Ba\u015fkan Sekmen teknik ekipten bilgi ald\u0131. Arama kurtarma \u00e7al\u0131\u015fmalar\u0131n\u0131n devam etti\u011fi b\u00f6lgelerde incelemelerde bulunan Ba\u015fkanlar daha sonra \u015eanl\u0131urfa B\u00fcy\u00fck\u015fehir Belediyesi sosyal tesislerinde bar\u0131nan vatanda\u015flar\u0131 ziyaret etti.<\/p>\n\n\n\n<p>\u015eanl\u0131urfa B\u00fcy\u00fck\u015fehir Belediyesi sosyal tesislerinde kalan vatanda\u015flar\u0131 ziyaret eden Ba\u015fkan Beyazg\u00fcl ile Ba\u015fkan Sekmen burada kalan vatanda\u015flarla yak\u0131ndan ilgilendi. \u015eanl\u0131urfa B\u00fcy\u00fck\u015fehir Belediyesi halk ekmek fabrikas\u0131 ile sosyal tesisleri inceleyen Ba\u015fkan Beyazg\u00fcl ile Ba\u015fkan Sekmen daha sonra esnaflarla bir araya geldi. Esnaflar\u0131 tek tek ziyaret eden ba\u015fkanlar esnaf\u0131n yak\u0131n ilgisi ile kar\u015f\u0131la\u015ft\u0131.<\/p>\n\n\n\n<figure class=\"wp-block-image size-large\"><img loading=\"lazy\" decoding=\"async\" width=\"1024\" height=\"683\" src=\"https:\/\/www.urfabugun.com\/wp-content\/uploads\/2023\/02\/53A649E4-8D21-45F8-B4BC-C935C989D37F-1024x683.jpeg\" alt=\"\" class=\"wp-image-2523\"\/><\/figure>\n\n\n\n<p><\/p>\n\n\n\n<p><strong>BA\u015eKAN BEYAZG\u00dcL, \u2018\u2019 YA\u015eADI\u011eIMIZ O GECE UNUTULACAK B\u0130R GECE DE\u011e\u0130L\u2019\u2019<\/strong><\/p>\n\n\n\n<p>Depremin meydana geldi\u011fi gecenin unutulacak bir gece olmad\u0131\u011f\u0131n\u0131 ve bu k\u00f6t\u00fc g\u00fcnleri birlik ve beraberlik i\u00e7erisinde atlat\u0131laca\u011f\u0131n\u0131 anlatan \u015eanl\u0131urfa B\u00fcy\u00fck\u015fehir Belediye Ba\u015fkan\u0131 Zeynel Abidin Beyazg\u00fcl, \u2018\u2019Belediyemize ait t\u00fcm tesislerde vatanda\u015flar\u0131m\u0131z\u0131 misafir ediyoruz. \u00c7ok b\u00fcy\u00fck bir felaket atlatt\u0131k. \u00c7ok b\u00fcy\u00fck bir depremi ya\u015fad\u0131k. Belediye b\u00fcnyesinde halk ekmek \u00fcretiyoruz. Kendi tesislerimizde s\u0131cak \u00e7orba \u00fcretimimiz var ve h\u0131zl\u0131 bir \u015fekilde vatanda\u015flar\u0131m\u0131za ula\u015ft\u0131r\u0131yoruz. \u0130n\u015fallah normal hayat\u0131m\u0131za d\u00f6neriz. Cumhurba\u015fkan\u0131m\u0131z Recep Tayyip Erdo\u011fan\u2019\u0131n destekleri \u00e7ok b\u00fcy\u00fck ve yard\u0131mlar kente gelmeye devam ediyor. Birlik ve beraberlik i\u00e7erisinde bu g\u00fcnleri de atlataca\u011f\u0131z. Ya\u015fad\u0131\u011f\u0131m\u0131z o gece unutulacak bir gece de\u011fil. &nbsp;Bizlerde derinden iz b\u0131rakt\u0131. Elimizden gelen t\u00fcm imkanlar\u0131 seferber ettik. Ya\u015fanan s\u0131k\u0131nt\u0131lar\u0131 en aza indirmek i\u00e7in yo\u011fun \u00e7aba harc\u0131yoruz. Belediyemize ait t\u00fcm tesisleri vatanda\u015flar\u0131m\u0131z i\u00e7in a\u00e7t\u0131k. \u0130n\u015fallah bu s\u0131k\u0131nt\u0131l\u0131 g\u00fcnleri tez zamanda birlik ve beraberlik i\u00e7erisinde atlat\u0131r\u0131z\u2019\u2019 diye konu\u015ftu.<\/p>\n\n\n\n<p>Kent genelinde belediyeye ait t\u00fcm merkezler vatanda\u015flar\u0131n bar\u0131nmas\u0131 i\u00e7in a\u00e7an \u015eanl\u0131urfa B\u00fcy\u00fck\u015fehir Belediyesi, vatanda\u015flar\u0131n yemek ihtiyac\u0131n\u0131 yine kendi b\u00fcnyesindeki tesislerden kar\u015f\u0131l\u0131yor.<\/p>\n\n\n\n<p>\u015eanl\u0131urfa B\u00fcy\u00fck\u015fehir Belediyesi Halk Ekmek Fabrikalar\u0131nda \u00fcretilen ekmekler, bar\u0131nma merkezleri ve b\u00fcfelerden \u00fccretsiz olarak da\u011f\u0131t\u0131m\u0131 yap\u0131l\u0131yor. Halk ekmek fabrikas\u0131nda vatanda\u015flara ekmek aras\u0131 kavurma ikram\u0131 yap\u0131ld\u0131. \u015eanl\u0131urfa B\u00fcy\u00fck\u015fehir Belediyesi \u00e7orba evlerinde yap\u0131lan \u00e7orbalar depremin ilk g\u00fcn\u00fcnden itibaren g\u00f6revliler taraf\u0131ndan vatanda\u015flara ikram ediliyor.<\/p>\n","protected":false},"excerpt":{"rendered":"<p>Depremin vurdu\u011fu \u015eanl\u0131urfa\u2019da enkaz alt\u0131nda kalanlar\u0131n kurtar\u0131lmas\u0131na y\u00f6nelik \u00e7al\u0131\u015fmalar devam ediyor. \u015eanl\u0131urfa B\u00fcy\u00fck\u015fehir Belediye Ba\u015fkan\u0131 Zeynel&#46;&#46;&#46;<\/p>\n","protected":false},"author":2,"featured_media":2522,"comment_status":"open","ping_status":"open","sticky":false,"template":"","format":"standard","meta":{"inline_featured_image":false,"footnotes":""},"categories":[92],"tags":[172,178,118,131,107,93],"manset":[],"class_list":["post-2520","post","type-post","status-publish","format-standard","has-post-thumbnail","hentry","category-yasam-haberleri","tag-baskan-beyazgul","tag-deprem","tag-sanliurfa","tag-son-dakika","tag-ub","tag-ust"],"_links":{"self":[{"href":"https:\/\/www.urfabugun.com\/index.php\/wp-json\/wp\/v2\/posts\/2520","targetHints":{"allow":["GET"]}}],"collection":[{"href":"https:\/\/www.urfabugun.com\/index.php\/wp-json\/wp\/v2\/posts"}],"about":[{"href":"https:\/\/www.urfabugun.com\/index.php\/wp-json\/wp\/v2\/types\/post"}],"author":[{"embeddable":true,"href":"https:\/\/www.urfabugun.com\/index.php\/wp-json\/wp\/v2\/users\/2"}],"replies":[{"embeddable":true,"href":"https:\/\/www.urfabugun.com\/index.php\/wp-json\/wp\/v2\/comments?post=2520"}],"version-history":[{"count":0,"href":"https:\/\/www.urfabugun.com\/index.php\/wp-json\/wp\/v2\/posts\/2520\/revisions"}],"wp:featuredmedia":[{"embeddable":true,"href":"https:\/\/www.urfabugun.com\/index.php\/wp-json\/wp\/v2\/media\/2522"}],"wp:attachment":[{"href":"https:\/\/www.urfabugun.com\/index.php\/wp-json\/wp\/v2\/media?parent=2520"}],"wp:term":[{"taxonomy":"category","embeddable":true,"href":"https:\/\/www.urfabugun.com\/index.php\/wp-json\/wp\/v2\/categories?post=2520"},{"taxonomy":"post_tag","embeddable":true,"href":"https:\/\/www.urfabugun.com\/index.php\/wp-json\/wp\/v2\/tags?post=2520"},{"taxonomy":"manset","embeddable":true,"href":"https:\/\/www.urfabugun.com\/index.php\/wp-json\/wp\/v2\/manset?post=2520"}],"curies":[{"name":"wp","href":"https:\/\/api.w.org\/{rel}","templated":true}]}}