{"id":2666,"date":"2023-02-15T21:40:44","date_gmt":"2023-02-15T18:40:44","guid":{"rendered":"https:\/\/www.urfabugun.com\/?p=2666"},"modified":"2023-02-15T21:40:50","modified_gmt":"2023-02-15T18:40:50","slug":"baskan-yavuz-isyan-ettiharam-olsunfirsatcilik-yapmayin","status":"publish","type":"post","link":"https:\/\/www.urfabugun.com\/index.php\/2023\/02\/15\/baskan-yavuz-isyan-ettiharam-olsunfirsatcilik-yapmayin\/","title":{"rendered":"Ba\u015fkan Yavuz \u0130syan Etti:Haram Olsun,F\u0131rsat\u00e7\u0131l\u0131k Yapmay\u0131n!"},"content":{"rendered":"\n<p><\/p>\n\n\n\n<p><strong>\u015eanl\u0131urfa \u015eehit Aileler Dernek Ba\u015fkan\u0131 Mehmet Yavuz\u00a0\u00a0deprem b\u00f6lgeleri i\u00e7in al\u0131nacak battaniyeler \u00e7ad\u0131rlar temel ihtiya\u00e7lar zam yapanlara isyan etti.<\/strong><\/p>\n\n\n\n<p>Kahramanmara\u015f&#8217;ta meydana gelen ve en az 10 ili etkileyen 7.7 b\u00fcy\u00fckl\u00fc\u011f\u00fcndeki deprem ve sonras\u0131nda meydana gelen depremlerin ard\u0131ndan, kurtarma \u00e7al\u0131\u015fmalar\u0131 devam ediyor.<\/p>\n\n\n\n<p>Enkaz altlar\u0131na ula\u015f\u0131lmaya \u00e7al\u0131\u015f\u0131l\u0131rken bir yandan da so\u011fuk hava ko\u015fullar\u0131ndan d\u0131\u015far\u0131da kalan vatanda\u015fa \u00fclkenin d\u00f6rt bir yan\u0131ndan yard\u0131m g\u00f6nderilmeye \u00e7al\u0131\u015f\u0131l\u0131yor. Krizi f\u0131rsata \u00e7eviren ki\u015filere ise tepki var. Son olarak \u015eanl\u0131urfa \u015eehit Aileler Dernek Ba\u015fkan\u0131 Mehmet Yavuz, bu konuda isyan etti:\u00d6rnek olarak100 liraya ald\u0131\u011f\u0131m\u0131z battaniyeler \u015fu an 400 lira haram olsun, f\u0131rsat\u00e7\u0131l\u0131k yapmay\u0131n!\u201ddedi.<\/p>\n","protected":false},"excerpt":{"rendered":"<p>\u015eanl\u0131urfa \u015eehit Aileler Dernek Ba\u015fkan\u0131 Mehmet Yavuz\u00a0\u00a0deprem b\u00f6lgeleri i\u00e7in al\u0131nacak battaniyeler \u00e7ad\u0131rlar temel ihtiya\u00e7lar zam yapanlara&#46;&#46;&#46;<\/p>\n","protected":false},"author":2,"featured_media":2668,"comment_status":"open","ping_status":"open","sticky":false,"template":"","format":"standard","meta":{"inline_featured_image":false,"footnotes":""},"categories":[82],"tags":[178,461,324,118,460,107,93],"manset":[],"class_list":["post-2666","post","type-post","status-publish","format-standard","has-post-thumbnail","hentry","category-gundem-haberleri","tag-deprem","tag-firsatcilik","tag-mehmet-yavuz","tag-sanliurfa","tag-sanliurfa-sehit-ve-gazi-aileleri-dernek-baskani","tag-ub","tag-ust"],"_links":{"self":[{"href":"https:\/\/www.urfabugun.com\/index.php\/wp-json\/wp\/v2\/posts\/2666","targetHints":{"allow":["GET"]}}],"collection":[{"href":"https:\/\/www.urfabugun.com\/index.php\/wp-json\/wp\/v2\/posts"}],"about":[{"href":"https:\/\/www.urfabugun.com\/index.php\/wp-json\/wp\/v2\/types\/post"}],"author":[{"embeddable":true,"href":"https:\/\/www.urfabugun.com\/index.php\/wp-json\/wp\/v2\/users\/2"}],"replies":[{"embeddable":true,"href":"https:\/\/www.urfabugun.com\/index.php\/wp-json\/wp\/v2\/comments?post=2666"}],"version-history":[{"count":0,"href":"https:\/\/www.urfabugun.com\/index.php\/wp-json\/wp\/v2\/posts\/2666\/revisions"}],"wp:featuredmedia":[{"embeddable":true,"href":"https:\/\/www.urfabugun.com\/index.php\/wp-json\/wp\/v2\/media\/2668"}],"wp:attachment":[{"href":"https:\/\/www.urfabugun.com\/index.php\/wp-json\/wp\/v2\/media?parent=2666"}],"wp:term":[{"taxonomy":"category","embeddable":true,"href":"https:\/\/www.urfabugun.com\/index.php\/wp-json\/wp\/v2\/categories?post=2666"},{"taxonomy":"post_tag","embeddable":true,"href":"https:\/\/www.urfabugun.com\/index.php\/wp-json\/wp\/v2\/tags?post=2666"},{"taxonomy":"manset","embeddable":true,"href":"https:\/\/www.urfabugun.com\/index.php\/wp-json\/wp\/v2\/manset?post=2666"}],"curies":[{"name":"wp","href":"https:\/\/api.w.org\/{rel}","templated":true}]}}