{"id":2692,"date":"2023-02-16T19:17:35","date_gmt":"2023-02-16T16:17:35","guid":{"rendered":"https:\/\/www.urfabugun.com\/?p=2692"},"modified":"2023-02-16T19:17:41","modified_gmt":"2023-02-16T16:17:41","slug":"sendikalar-arasi-pozitif-ayrimciligin-sebebi-ne","status":"publish","type":"post","link":"https:\/\/www.urfabugun.com\/index.php\/2023\/02\/16\/sendikalar-arasi-pozitif-ayrimciligin-sebebi-ne\/","title":{"rendered":"Sendikalar Aras\u0131 Pozitif Ayr\u0131mc\u0131l\u0131\u011f\u0131n Sebebi Ne?"},"content":{"rendered":"\n<p><\/p>\n\n\n\n<p><strong>Sendikalar aras\u0131 pozitif ayr\u0131mc\u0131l\u0131k neden var, oysa ki her \u00fcye maa\u015flar\u0131n\u0131n c\u00fczi miktar\u0131n\u0131 sendikalara harcarken, zor zamanda sendikalar neden kendi \u00fcyelerine arka \u00e7\u0131kmaz.<\/strong><\/p>\n\n\n\n<p>Tabi burada her birini ayn\u0131 kefeye koymak yersiz olacakt\u0131r, s\u00f6z\u00fcm ona H\u0130ZMET \u0130\u015e SEND\u0130KASI, kendi \u00fcyelerini gerek deprem s\u00fcrecinde gerekse normal zamanlarda, hi\u00e7 bir \u015fekilde ma\u011fdur etmemi\u015f, hatta ve hatta belli miktarlarda maddi a\u00e7\u0131dan desteklerini de s\u00fcrd\u00fcrm\u00fc\u015flerdir.<\/p>\n\n\n\n<p>Sendikalar neden var,&nbsp; neden kuruluyor, y\u00f6netimi nas\u0131l gibi sorular\u0131 sordu\u011fumuz zaman, cevab\u0131 asl\u0131nda \u00e7ok basit ve net bir \u015fekilde \u00e7\u0131k\u0131yor, oda kendi \u00fcyelerini, ma\u011fdur etmemek ve onlar\u0131n zor zamanlar\u0131nda yan\u0131na olmakt\u0131r.<\/p>\n\n\n\n<p>Hizmet i\u015f asl\u0131nda tamda bu noktada devreye giriyor ve kendi anla\u015fmal\u0131 belediyelerinde \u00e7al\u0131\u015fan \u00fcyelerinin refah\u0131n\u0131 art\u0131rmak i\u00e7in ayl\u0131k olarak 13bin TL gibi bir dolgun bir maa\u015fla \u00fcyelerinin arkas\u0131nda durmay\u0131 ba\u015far\u0131yor.<\/p>\n\n\n\n<p>Peki ba\u015fka ne yap\u0131yor H\u0130ZMET \u0130\u015e SEND\u0130KASI, deprem b\u00f6lgelerine 3 er ekip \u015feklinde 20\u015fer arama kurtarma ekibini AFAD b\u00fcnyesine koymu\u015f bir sendikad\u0131r.<\/p>\n\n\n\n<p>Gerek g\u0131da yard\u0131m\u0131 gerekse psikolojik \u00e7al\u0131\u015fmalar ile \u00f6ncelikle \u00fcyelerinin ve depremzedelerinin yan\u0131nda olmu\u015f olan bir sendikadan bahsediyoruz.<\/p>\n\n\n\n<p>HAK-\u0130\u015e GENEL BA\u015eKANI MAHMUT ARSLAN&#8217; a da buradan te\u015fekk\u00fcrlerimi sunuyorum, kendi \u00fcyelerinin d\u0131\u015f\u0131nda farkl\u0131 bir varyasyon g\u00f6stererek&nbsp; kendi imkanlar\u0131yla deprem zedelere 10milyon TL ba\u011f\u0131\u015fta bulunmu\u015ftur.<br><br>Peki di\u011fer sendikalar ne yap\u0131yor, ben size s\u00f6yleyeyim, kendi \u00fcyelerinden ayl\u0131k toplay\u0131p, devede kulak i\u015flemlerle \u00fcyelerini tatmin etmek pe\u015finde.<\/p>\n\n\n\n<p>Devede kulak diyorum, ger\u00e7ekten de \u00f6yle, \u00fcyelerinin s\u0131rt\u0131ndan ge\u00e7inen bir sendikan\u0131n i\u015flevselli\u011fi ne kadar ger\u00e7ek\u00e7i olur? onu da siz de\u011ferli okurlar\u0131m\u0131n takdirine b\u0131rak\u0131yorum.<\/p>\n\n\n\n<p>Deprem ma\u011fduru olan \u00fcyelerine neden gerekli maddi yard\u0131m yap\u0131lmaz, neden g\u00f6rmezden gelinir, bunu da anlam\u0131\u015f de\u011filim.<\/p>\n\n\n\n<p>Sendikan\u0131n birinci g\u00f6revi, \u00fcyelerine kar\u015f\u0131 verdi\u011fi s\u00f6zleri tutmak ve onlar\u0131n yaralar\u0131na merhem olmakt\u0131r.<\/p>\n\n\n\n<p>\u0130\u015flerine gelmeyince de \u00e7e\u015fitli aba alt\u0131ndan sopa g\u00f6stermemektir, bunu yapan sendikalarda olan \u00fcyelere de a\u00e7\u0131k \u00e7a\u011fr\u0131md\u0131r, sendika bir al\u0131n yaz\u0131s\u0131 de\u011fildir, istifa etmek farzd\u0131r.<\/p>\n\n\n\n<p>Ba\u015fka sendikalar\u0131n imkanlar\u0131n\u0131 g\u00f6zden ge\u00e7irmek gerekti\u011fini bilmek ve idrak etmek gereklidir.<\/p>\n","protected":false},"excerpt":{"rendered":"<p>Sendikalar aras\u0131 pozitif ayr\u0131mc\u0131l\u0131k neden var, oysa ki her \u00fcye maa\u015flar\u0131n\u0131n c\u00fczi miktar\u0131n\u0131 sendikalara harcarken, zor&#46;&#46;&#46;<\/p>\n","protected":false},"author":2,"featured_media":2694,"comment_status":"open","ping_status":"open","sticky":false,"template":"","format":"standard","meta":{"inline_featured_image":false,"footnotes":""},"categories":[82],"tags":[178,468,469,118,131,107],"manset":[],"class_list":["post-2692","post","type-post","status-publish","format-standard","has-post-thumbnail","hentry","category-gundem-haberleri","tag-deprem","tag-hak-is","tag-hizmet-is","tag-sanliurfa","tag-son-dakika","tag-ub"],"_links":{"self":[{"href":"https:\/\/www.urfabugun.com\/index.php\/wp-json\/wp\/v2\/posts\/2692","targetHints":{"allow":["GET"]}}],"collection":[{"href":"https:\/\/www.urfabugun.com\/index.php\/wp-json\/wp\/v2\/posts"}],"about":[{"href":"https:\/\/www.urfabugun.com\/index.php\/wp-json\/wp\/v2\/types\/post"}],"author":[{"embeddable":true,"href":"https:\/\/www.urfabugun.com\/index.php\/wp-json\/wp\/v2\/users\/2"}],"replies":[{"embeddable":true,"href":"https:\/\/www.urfabugun.com\/index.php\/wp-json\/wp\/v2\/comments?post=2692"}],"version-history":[{"count":0,"href":"https:\/\/www.urfabugun.com\/index.php\/wp-json\/wp\/v2\/posts\/2692\/revisions"}],"wp:featuredmedia":[{"embeddable":true,"href":"https:\/\/www.urfabugun.com\/index.php\/wp-json\/wp\/v2\/media\/2694"}],"wp:attachment":[{"href":"https:\/\/www.urfabugun.com\/index.php\/wp-json\/wp\/v2\/media?parent=2692"}],"wp:term":[{"taxonomy":"category","embeddable":true,"href":"https:\/\/www.urfabugun.com\/index.php\/wp-json\/wp\/v2\/categories?post=2692"},{"taxonomy":"post_tag","embeddable":true,"href":"https:\/\/www.urfabugun.com\/index.php\/wp-json\/wp\/v2\/tags?post=2692"},{"taxonomy":"manset","embeddable":true,"href":"https:\/\/www.urfabugun.com\/index.php\/wp-json\/wp\/v2\/manset?post=2692"}],"curies":[{"name":"wp","href":"https:\/\/api.w.org\/{rel}","templated":true}]}}