{"id":2701,"date":"2023-02-17T11:31:57","date_gmt":"2023-02-17T08:31:57","guid":{"rendered":"https:\/\/www.urfabugun.com\/?p=2701"},"modified":"2023-02-17T11:32:03","modified_gmt":"2023-02-17T08:32:03","slug":"afetzedelere-mobil-saglik-hizmeti","status":"publish","type":"post","link":"https:\/\/www.urfabugun.com\/index.php\/2023\/02\/17\/afetzedelere-mobil-saglik-hizmeti\/","title":{"rendered":"Afetzedelere Mobil Sa\u011fl\u0131k Hizmeti!"},"content":{"rendered":"\n<p><\/p>\n\n\n\n<p><\/p>\n\n\n\n<p><strong>6 \u015eubat Pazartesi sabah\u0131\u00a0<a href=\"https:\/\/www.urfapusula.com\/haberleri\/kahramanmaras\" target=\"_blank\" rel=\"noopener\">Kahramanmara\u015f<\/a>\u00a0merkezli 7.7 ve 7.6 b\u00fcy\u00fckl\u00fc\u011f\u00fcndeki 2 deprem \u015eanl\u0131urfa dahil 10 ili vurdu.\u00a0<\/strong><\/p>\n\n\n\n<p>Deprem sonras\u0131nda bula\u015f\u0131c\u0131 hastal\u0131klar\u0131n ve salg\u0131nlar\u0131n ortaya \u00e7\u0131kmas\u0131n\u0131n ana nedeni, depremin ard\u0131ndan n\u00fcfusun \u00f6nemli \u00f6l\u00e7\u00fcde yer de\u011fi\u015ftirmesi, uygunsuz ya\u015fam ko\u015fullar\u0131 ve bu s\u00fcre\u00e7te b\u00f6lgedeki temel halk sa\u011fl\u0131\u011f\u0131 hizmetlerine ula\u015f\u0131mda olabilecek aksamalard\u0131r. Bu nedenle \u015eanl\u0131urfa \u0130l Sa\u011fl\u0131k M\u00fcd\u00fcrl\u00fc\u011f\u00fc taraf\u0131ndan 06 \u015eubat 2023 tarihinde Kahramanmara\u015f Pazarc\u0131k ve Elbistan \u0130l\u00e7elerinde ya\u015fanan deprem felaketi nedeniyle ilimizdeki afetzedelerin kald\u0131\u011f\u0131 bar\u0131nma alanlar\u0131nda Mobil sa\u011fl\u0131k hizmeti sunulmaya ba\u015fland\u0131.<\/p>\n\n\n\n<figure class=\"wp-block-image size-full\"><img loading=\"lazy\" decoding=\"async\" width=\"828\" height=\"450\" src=\"https:\/\/www.urfabugun.com\/wp-content\/uploads\/2023\/02\/E0BB3B55-C5D1-4684-B0E3-FFEFBE06883F.jpeg\" alt=\"\" class=\"wp-image-2704\"\/><\/figure>\n\n\n\n<p>Depremlerden etkilenen afetzedelerin yerle\u015ftirildikleri bar\u0131nma alanlar\u0131nda sa\u011fl\u0131k kontrol\u00fcnden ge\u00e7iriliyor, tedavileri planlan\u0131yor, ila\u00e7lar\u0131 yaz\u0131l\u0131yor.<\/p>\n\n\n\n<p>Mobil sa\u011fl\u0131k ekipleri, afetzedeleri bulunduklar\u0131 yerlerde rutin sa\u011fl\u0131k kontrol\u00fcnden ge\u00e7iriyor, kronik rahats\u0131zl\u0131\u011f\u0131 olan hastalar\u0131n ila\u00e7 bilgilerini al\u0131yor ve ila\u00e7lar\u0131n\u0131n teminini sa\u011fl\u0131yor. Ekipler, muayene sonras\u0131nda gereklilik halinde afetzedeyi bir sa\u011fl\u0131k merkezine g\u00f6nderimini sa\u011fl\u0131yor. Ayr\u0131ca bar\u0131nma alanlar\u0131n\u0131n bulunduklar\u0131 yerlerden g\u00fcnl\u00fck olarak \u015febeke sular\u0131ndan numuneler al\u0131narak \u0130l Sa\u011fl\u0131k M\u00fcd\u00fcrl\u00fc\u011f\u00fc Laboratuvarlar\u0131ndan Kimyasal ve Biyolojik kontrolleri yap\u0131lmaktad\u0131r.<\/p>\n\n\n\n<p>\u015eanl\u0131urfa \u0130l Sa\u011fl\u0131k M\u00fcd\u00fcrl\u00fc\u011f\u00fc taraf\u0131ndan Haliliye Ahmet yesevi mahallesinde kapal\u0131 semt pazar\u0131ndan bar\u0131nd\u0131r\u0131lan ve T\u00fcrkiye jokey kul\u00fcb\u00fcnde bar\u0131nd\u0131r\u0131lan afetzede vatanda\u015flar detayl\u0131 bir \u015fekilde sa\u011fl\u0131k taramas\u0131ndan ge\u00e7irildi. Doktor kontrol\u00fcnden ge\u00e7irilen afetzedeler yap\u0131lan hizmetten memnun olduklar\u0131n\u0131 belirttiler.<\/p>\n\n\n\n<p>\u0130l Sa\u011fl\u0131k m\u00fcd\u00fcrl\u00fc\u011f\u00fc olarak amac\u0131m\u0131z yeterince ma\u011fdur olan afetzede vatanda\u015flar\u0131m\u0131z\u0131n sa\u011fl\u0131k hizmetlerine eri\u015fimini kolayla\u015ft\u0131rmak ve sa\u011fl\u0131k sorunlar\u0131na yerinde m\u00fcdahale etmektir.<\/p>\n\n\n\n<p>Bu konuda t\u00fcm sa\u011fl\u0131k \u00e7al\u0131\u015fanlar\u0131m\u0131zla mesai mefhumu g\u00f6zetmeden, gece g\u00fcnd\u00fcz demeden t\u00fcm g\u00fcc\u00fcm\u00fczle sahaday\u0131z\u201ddedi.&nbsp;<\/p>\n","protected":false},"excerpt":{"rendered":"<p>6 \u015eubat Pazartesi sabah\u0131\u00a0Kahramanmara\u015f\u00a0merkezli 7.7 ve 7.6 b\u00fcy\u00fckl\u00fc\u011f\u00fcndeki 2 deprem \u015eanl\u0131urfa dahil 10 ili vurdu.\u00a0 Deprem&#46;&#46;&#46;<\/p>\n","protected":false},"author":2,"featured_media":2703,"comment_status":"open","ping_status":"open","sticky":false,"template":"","format":"standard","meta":{"inline_featured_image":false,"footnotes":""},"categories":[87],"tags":[178,118,473,131,107,130],"manset":[],"class_list":["post-2701","post","type-post","status-publish","format-standard","has-post-thumbnail","hentry","category-saglik-haberleri","tag-deprem","tag-sanliurfa","tag-sanliurfa-ilk-saglik-mudurlugu","tag-son-dakika","tag-ub","tag-urfa"],"_links":{"self":[{"href":"https:\/\/www.urfabugun.com\/index.php\/wp-json\/wp\/v2\/posts\/2701","targetHints":{"allow":["GET"]}}],"collection":[{"href":"https:\/\/www.urfabugun.com\/index.php\/wp-json\/wp\/v2\/posts"}],"about":[{"href":"https:\/\/www.urfabugun.com\/index.php\/wp-json\/wp\/v2\/types\/post"}],"author":[{"embeddable":true,"href":"https:\/\/www.urfabugun.com\/index.php\/wp-json\/wp\/v2\/users\/2"}],"replies":[{"embeddable":true,"href":"https:\/\/www.urfabugun.com\/index.php\/wp-json\/wp\/v2\/comments?post=2701"}],"version-history":[{"count":0,"href":"https:\/\/www.urfabugun.com\/index.php\/wp-json\/wp\/v2\/posts\/2701\/revisions"}],"wp:featuredmedia":[{"embeddable":true,"href":"https:\/\/www.urfabugun.com\/index.php\/wp-json\/wp\/v2\/media\/2703"}],"wp:attachment":[{"href":"https:\/\/www.urfabugun.com\/index.php\/wp-json\/wp\/v2\/media?parent=2701"}],"wp:term":[{"taxonomy":"category","embeddable":true,"href":"https:\/\/www.urfabugun.com\/index.php\/wp-json\/wp\/v2\/categories?post=2701"},{"taxonomy":"post_tag","embeddable":true,"href":"https:\/\/www.urfabugun.com\/index.php\/wp-json\/wp\/v2\/tags?post=2701"},{"taxonomy":"manset","embeddable":true,"href":"https:\/\/www.urfabugun.com\/index.php\/wp-json\/wp\/v2\/manset?post=2701"}],"curies":[{"name":"wp","href":"https:\/\/api.w.org\/{rel}","templated":true}]}}