{"id":2723,"date":"2023-02-17T13:00:43","date_gmt":"2023-02-17T10:00:43","guid":{"rendered":"https:\/\/www.urfabugun.com\/?p=2723"},"modified":"2023-02-17T13:00:49","modified_gmt":"2023-02-17T10:00:49","slug":"baskan-alkandan-kandil-mesaji","status":"publish","type":"post","link":"https:\/\/www.urfabugun.com\/index.php\/2023\/02\/17\/baskan-alkandan-kandil-mesaji\/","title":{"rendered":"<strong>Ba\u015fkan Alkan\u2019dan Kandil Mesaj\u0131!\u00a0<\/strong>"},"content":{"rendered":"\n<p><\/p>\n\n\n\n<p><strong>\u015eanl\u0131urfa \u015eof\u00f6rler Odas\u0131 Ba\u015fkan\u0131 \u0130mam Bak\u0131r Alkan Mira\u00e7 Kandili dolay\u0131s\u0131yla bir mesaj yay\u0131mlad\u0131.\u00a0<\/strong><\/p>\n\n\n\n<p>\u015eanl\u0131urfa \u015eof\u00f6rler Odas\u0131 Ba\u015fkan\u0131 \u0130mam Bak\u0131r Alkan; Mira\u00e7 Kandili dolay\u0131s\u0131yla yay\u0131mlad\u0131\u011f\u0131 mesaj\u0131nda T\u00fcrkiye&#8217;nin y\u00fcre\u011finde derin yaralar a\u00e7an, asr\u0131n en b\u00fcy\u00fck deprem felaketinin ya\u015fand\u0131\u011f\u0131 bug\u00fcnlerde, \u00fclke ve millet olarak kenetlenmeye ihtiya\u00e7 duyuldu\u011funu, birlik, beraberlik ve karde\u015flik i\u00e7erisinde g\u00f6n\u00fcl g\u00f6n\u00fcle olman\u0131n yaralar\u0131 saracak derecede \u00f6nemi bulundu\u011funu ifade ederek, Mira\u00e7 Kandili\u2019nin hep birlikte el ele, omuz omuza y\u00fcr\u00fcmeye vesile olmas\u0131n\u0131 temenni etti.<\/p>\n\n\n\n<figure class=\"wp-block-image size-large\"><img loading=\"lazy\" decoding=\"async\" width=\"1024\" height=\"1024\" src=\"https:\/\/www.urfabugun.com\/wp-content\/uploads\/2023\/02\/DC444A39-351B-4534-B5C6-2B4F193DBF9B-1024x1024.jpeg\" alt=\"\" class=\"wp-image-2726\"\/><\/figure>\n\n\n\n<p>Ba\u015fkan Alkan, mesaj\u0131nda \u015fu ifadelere yer verdi:\u201dPeygamber Efendimiz Hz. Muhammed\u2019in (S.A.V.) Mira\u00e7 mucizesinin ger\u00e7ekle\u015fti\u011fi bu m\u00fcbarek gecede, \u00fc\u00e7 aylar\u0131n i\u00e7erisinde, t\u00f6vbe kap\u0131lar\u0131 sonuna kadar a\u00e7\u0131k. Dualar\u0131m\u0131z\u0131 bol bol edece\u011fiz. M\u00fcminlere namaz hediye edilen Mira\u00e7 gecesinde namaz\u0131m\u0131z\u0131 k\u0131laca\u011f\u0131z. Mira\u00e7 Kandili\u2019nin g\u00fcnd\u00fcz\u00fc ve gecesini bu \u015fuurla dolu dolu ge\u00e7irerek, manevi d\u00fcnyam\u0131z\u0131 ayd\u0131nlataca\u011f\u0131z. Mira\u00e7 Kandili, i\u00e7erisinde b\u00fcy\u00fck hikmetler biriktiren, mucizelerle dolu bir zaman dilimi. Hassas d\u00f6nemlerden ge\u00e7ti\u011fimiz ve mucizelere tan\u0131kl\u0131k etti\u011fimiz \u015fu g\u00fcnleri Rabbim, Mira\u00e7 h\u00fcrmetine, daha kolay atlatmam\u0131z\u0131 nasip eylesin. Bu vesileyle ba\u015fta \u015eanl\u0131urfal\u0131&nbsp;&nbsp;hem\u015fehrilerimizin ve t\u00fcm \u0130slam \u00e2leminin Mira\u00e7 Kandili\u2019ni kutluyor, kandilin b\u00fct\u00fcn insanl\u0131\u011fa huzur ve mutluluk getirmesi, \u00fclkemiz ve milletimiz i\u00e7in hay\u0131rlara vesile olmas\u0131n\u0131 temenni ediyorum\u201d dedi.<\/p>\n","protected":false},"excerpt":{"rendered":"<p>\u015eanl\u0131urfa \u015eof\u00f6rler Odas\u0131 Ba\u015fkan\u0131 \u0130mam Bak\u0131r Alkan Mira\u00e7 Kandili dolay\u0131s\u0131yla bir mesaj yay\u0131mlad\u0131.\u00a0 \u015eanl\u0131urfa \u015eof\u00f6rler Odas\u0131&#46;&#46;&#46;<\/p>\n","protected":false},"author":2,"featured_media":2725,"comment_status":"open","ping_status":"open","sticky":false,"template":"","format":"standard","meta":{"inline_featured_image":false,"footnotes":""},"categories":[82],"tags":[479,118,478,131,107,93],"manset":[],"class_list":["post-2723","post","type-post","status-publish","format-standard","has-post-thumbnail","hentry","category-gundem-haberleri","tag-imam-bakir-alkan","tag-sanliurfa","tag-soforler-odasi-baskani","tag-son-dakika","tag-ub","tag-ust"],"_links":{"self":[{"href":"https:\/\/www.urfabugun.com\/index.php\/wp-json\/wp\/v2\/posts\/2723","targetHints":{"allow":["GET"]}}],"collection":[{"href":"https:\/\/www.urfabugun.com\/index.php\/wp-json\/wp\/v2\/posts"}],"about":[{"href":"https:\/\/www.urfabugun.com\/index.php\/wp-json\/wp\/v2\/types\/post"}],"author":[{"embeddable":true,"href":"https:\/\/www.urfabugun.com\/index.php\/wp-json\/wp\/v2\/users\/2"}],"replies":[{"embeddable":true,"href":"https:\/\/www.urfabugun.com\/index.php\/wp-json\/wp\/v2\/comments?post=2723"}],"version-history":[{"count":0,"href":"https:\/\/www.urfabugun.com\/index.php\/wp-json\/wp\/v2\/posts\/2723\/revisions"}],"wp:featuredmedia":[{"embeddable":true,"href":"https:\/\/www.urfabugun.com\/index.php\/wp-json\/wp\/v2\/media\/2725"}],"wp:attachment":[{"href":"https:\/\/www.urfabugun.com\/index.php\/wp-json\/wp\/v2\/media?parent=2723"}],"wp:term":[{"taxonomy":"category","embeddable":true,"href":"https:\/\/www.urfabugun.com\/index.php\/wp-json\/wp\/v2\/categories?post=2723"},{"taxonomy":"post_tag","embeddable":true,"href":"https:\/\/www.urfabugun.com\/index.php\/wp-json\/wp\/v2\/tags?post=2723"},{"taxonomy":"manset","embeddable":true,"href":"https:\/\/www.urfabugun.com\/index.php\/wp-json\/wp\/v2\/manset?post=2723"}],"curies":[{"name":"wp","href":"https:\/\/api.w.org\/{rel}","templated":true}]}}