{"id":2733,"date":"2023-02-17T14:16:21","date_gmt":"2023-02-17T11:16:21","guid":{"rendered":"https:\/\/www.urfabugun.com\/?p=2733"},"modified":"2023-02-17T14:16:27","modified_gmt":"2023-02-17T11:16:27","slug":"gunlerdir-gocuk-altinda-olan-fenomenden-aci-haber","status":"publish","type":"post","link":"https:\/\/www.urfabugun.com\/index.php\/2023\/02\/17\/gunlerdir-gocuk-altinda-olan-fenomenden-aci-haber\/","title":{"rendered":"G\u00fcnlerdir G\u00f6\u00e7\u00fck Alt\u0131nda Olan Fenomenden Ac\u0131 Haber!"},"content":{"rendered":"\n<p><\/p>\n\n\n\n<p><strong>Taha Duymaz hakk\u0131ndaki son dakika geli\u015fmeyi arkada\u015f\u0131 Rag\u0131p Narin verdi.<\/strong><\/p>\n\n\n\n<p>Hatay&#8217;daki k\u00f6y evinin mutfa\u011f\u0131nda k\u0131s\u0131tl\u0131 malzemeler ile yapt\u0131\u011f\u0131 yemekleri payla\u015fmas\u0131yla k\u0131sa s\u00fcrede insanlar\u0131n sevgisini kazanan gen\u00e7&nbsp;fenomen Taha Duymaz&#8217;\u0131n ak\u0131beti merak ediliyordu.&nbsp;<\/p>\n\n\n\n<p>Hatay&#8217;da g\u00f6\u00e7\u00fck alt\u0131nda kalan sosyal medya fenomeni Taha Duymaz&#8217;dan depremin ya\u015fand\u0131\u011f\u0131 ilk saatlerden itibaren haber al\u0131nam\u0131yor. Hakk\u0131nda \u00e7e\u015fitli iddialar\u0131n ortaya at\u0131ld\u0131\u011f\u0131 Taha Duymaz \u00f6ld\u00fc m\u00fc, enkazdan \u00e7\u0131kt\u0131 m\u0131 merak ediliyordu. Ailesinin peri\u015fan oldu\u011funu ve umutlar\u0131n da t\u00fckendi\u011fini ifade eden Rag\u0131p Narin, enkaz alt\u0131ndan \u00e7\u0131kar\u0131lan cesetlerin y\u00fczlerinin tan\u0131nmaz halde oldu\u011funu a\u00e7\u0131klam\u0131\u015ft\u0131. Rag\u0131b Narin, Instagram&#8217;dan Taha Duymaz&#8217;\u0131n cesedine ula\u015f\u0131ld\u0131\u011f\u0131n\u0131 belirtti.<\/p>\n","protected":false},"excerpt":{"rendered":"<p>Taha Duymaz hakk\u0131ndaki son dakika geli\u015fmeyi arkada\u015f\u0131 Rag\u0131p Narin verdi. Hatay&#8217;daki k\u00f6y evinin mutfa\u011f\u0131nda k\u0131s\u0131tl\u0131 malzemeler&#46;&#46;&#46;<\/p>\n","protected":false},"author":2,"featured_media":2735,"comment_status":"open","ping_status":"open","sticky":false,"template":"","format":"standard","meta":{"inline_featured_image":false,"footnotes":""},"categories":[82],"tags":[118,131,483,484,107,130,93],"manset":[],"class_list":["post-2733","post","type-post","status-publish","format-standard","has-post-thumbnail","hentry","category-gundem-haberleri","tag-sanliurfa","tag-son-dakika","tag-taha-duymaz","tag-taha-duymazdan-aci-haber-geldi","tag-ub","tag-urfa","tag-ust"],"_links":{"self":[{"href":"https:\/\/www.urfabugun.com\/index.php\/wp-json\/wp\/v2\/posts\/2733","targetHints":{"allow":["GET"]}}],"collection":[{"href":"https:\/\/www.urfabugun.com\/index.php\/wp-json\/wp\/v2\/posts"}],"about":[{"href":"https:\/\/www.urfabugun.com\/index.php\/wp-json\/wp\/v2\/types\/post"}],"author":[{"embeddable":true,"href":"https:\/\/www.urfabugun.com\/index.php\/wp-json\/wp\/v2\/users\/2"}],"replies":[{"embeddable":true,"href":"https:\/\/www.urfabugun.com\/index.php\/wp-json\/wp\/v2\/comments?post=2733"}],"version-history":[{"count":0,"href":"https:\/\/www.urfabugun.com\/index.php\/wp-json\/wp\/v2\/posts\/2733\/revisions"}],"wp:featuredmedia":[{"embeddable":true,"href":"https:\/\/www.urfabugun.com\/index.php\/wp-json\/wp\/v2\/media\/2735"}],"wp:attachment":[{"href":"https:\/\/www.urfabugun.com\/index.php\/wp-json\/wp\/v2\/media?parent=2733"}],"wp:term":[{"taxonomy":"category","embeddable":true,"href":"https:\/\/www.urfabugun.com\/index.php\/wp-json\/wp\/v2\/categories?post=2733"},{"taxonomy":"post_tag","embeddable":true,"href":"https:\/\/www.urfabugun.com\/index.php\/wp-json\/wp\/v2\/tags?post=2733"},{"taxonomy":"manset","embeddable":true,"href":"https:\/\/www.urfabugun.com\/index.php\/wp-json\/wp\/v2\/manset?post=2733"}],"curies":[{"name":"wp","href":"https:\/\/api.w.org\/{rel}","templated":true}]}}